{"id":71966,"date":"2025-09-11T15:06:49","date_gmt":"2025-09-11T18:06:49","guid":{"rendered":"https:\/\/www.paranapraia.com.br\/?p=71966"},"modified":"2025-09-11T15:06:51","modified_gmt":"2025-09-11T18:06:51","slug":"prefeitura-de-morretes-promove-ciclo-de-palestras-sobre-prevencao-ao-suicidio","status":"publish","type":"post","link":"https:\/\/www.paranapraia.com.br\/index.php\/2025\/09\/11\/prefeitura-de-morretes-promove-ciclo-de-palestras-sobre-prevencao-ao-suicidio\/","title":{"rendered":"Prefeitura de Morretes promove ciclo de palestras sobre preven\u00e7\u00e3o ao suic\u00eddio"},"content":{"rendered":"\n<p>A Prefeitura de Morretes, por meio da Secretaria Municipal de Sa\u00fade (Semsa), est\u00e1 organizando um ciclo de palestras voltado \u00e0 preven\u00e7\u00e3o ao suic\u00eddio. A iniciativa integra as a\u00e7\u00f5es do Setembro Amarelo, campanha nacional que busca conscientizar a popula\u00e7\u00e3o sobre a import\u00e2ncia do di\u00e1logo, da escuta e do cuidado com a sa\u00fade mental.<\/p>\n\n\n\n<p>As atividades ter\u00e3o in\u00edcio no dia 19 de setembro, \u00e0s 9h, na Unidade B\u00e1sica de Sa\u00fade Vila das Palmeiras. No dia 23, tamb\u00e9m \u00e0s 9h, a programa\u00e7\u00e3o segue na UBS Candonga. J\u00e1 em 24 de setembro, a palestra ser\u00e1 realizada na UBS Carambi\u00fa, no mesmo hor\u00e1rio. No dia 25, duas unidades recebem a a\u00e7\u00e3o simultaneamente: a UBS Porto de Cima e a UBS Am\u00e9rica. O ciclo ser\u00e1 encerrado no dia 26 de setembro, com encontros nas UBS Anhaia e Sambaqui, ambos \u00e0s 9h.<\/p>\n\n\n\n<p>O secret\u00e1rio municipal de Sa\u00fade, Manoel Medeiros Machado, destaca a relev\u00e2ncia da iniciativa. \u201cO Setembro Amarelo \u00e9 um per\u00edodo importante para refor\u00e7ar a preven\u00e7\u00e3o e ampliar o di\u00e1logo sobre sa\u00fade mental. Nosso objetivo \u00e9 levar informa\u00e7\u00e3o a todas as regi\u00f5es de Morretes, oferecendo acolhimento e orienta\u00e7\u00e3o para que as pessoas saibam onde buscar apoio\u201d, afirmou.<\/p>\n\n\n\n<p>Prefeitura de Morretes<\/p>\n","protected":false},"excerpt":{"rendered":"<p>A Prefeitura de Morretes, por meio da Secretaria Municipal de Sa\u00fade (Semsa), est\u00e1 organizando um ciclo de palestras voltado \u00e0 preven\u00e7\u00e3o ao suic\u00eddio. A iniciativa integra as a\u00e7\u00f5es do Setembro Amarelo, campanha nacional que busca conscientizar a popula\u00e7\u00e3o sobre a import\u00e2ncia do di\u00e1logo, da escuta e do cuidado com a sa\u00fade mental. As atividades ter\u00e3o [&hellip;]<\/p>\n","protected":false},"author":2,"featured_media":71967,"comment_status":"open","ping_status":"open","sticky":false,"template":"","format":"standard","meta":{"advanced_seo_description":"","jetpack_seo_html_title":"","jetpack_seo_noindex":false,"_jetpack_memberships_contains_paid_content":false,"footnotes":""},"categories":[125],"tags":[],"class_list":{"0":"post-71966","1":"post","2":"type-post","3":"status-publish","4":"format-standard","5":"has-post-thumbnail","7":"category-morretes"},"jetpack_featured_media_url":"https:\/\/www.paranapraia.com.br\/wp-content\/uploads\/2025\/09\/sitepalestrassetembroamarelo.jpg","jetpack_sharing_enabled":true,"_links":{"self":[{"href":"https:\/\/www.paranapraia.com.br\/index.php\/wp-json\/wp\/v2\/posts\/71966"}],"collection":[{"href":"https:\/\/www.paranapraia.com.br\/index.php\/wp-json\/wp\/v2\/posts"}],"about":[{"href":"https:\/\/www.paranapraia.com.br\/index.php\/wp-json\/wp\/v2\/types\/post"}],"author":[{"embeddable":true,"href":"https:\/\/www.paranapraia.com.br\/index.php\/wp-json\/wp\/v2\/users\/2"}],"replies":[{"embeddable":true,"href":"https:\/\/www.paranapraia.com.br\/index.php\/wp-json\/wp\/v2\/comments?post=71966"}],"version-history":[{"count":1,"href":"https:\/\/www.paranapraia.com.br\/index.php\/wp-json\/wp\/v2\/posts\/71966\/revisions"}],"predecessor-version":[{"id":71968,"href":"https:\/\/www.paranapraia.com.br\/index.php\/wp-json\/wp\/v2\/posts\/71966\/revisions\/71968"}],"wp:featuredmedia":[{"embeddable":true,"href":"https:\/\/www.paranapraia.com.br\/index.php\/wp-json\/wp\/v2\/media\/71967"}],"wp:attachment":[{"href":"https:\/\/www.paranapraia.com.br\/index.php\/wp-json\/wp\/v2\/media?parent=71966"}],"wp:term":[{"taxonomy":"category","embeddable":true,"href":"https:\/\/www.paranapraia.com.br\/index.php\/wp-json\/wp\/v2\/categories?post=71966"},{"taxonomy":"post_tag","embeddable":true,"href":"https:\/\/www.paranapraia.com.br\/index.php\/wp-json\/wp\/v2\/tags?post=71966"}],"curies":[{"name":"wp","href":"https:\/\/api.w.org\/{rel}","templated":true}]}}