{"id":71957,"date":"2025-09-11T14:54:31","date_gmt":"2025-09-11T17:54:31","guid":{"rendered":"https:\/\/www.paranapraia.com.br\/?p=71957"},"modified":"2025-09-11T14:54:33","modified_gmt":"2025-09-11T17:54:33","slug":"delegacao-so-de-mulheres-representa-o-parana-na-maior-feira-de-artesanato-do-brasil","status":"publish","type":"post","link":"https:\/\/www.paranapraia.com.br\/index.php\/2025\/09\/11\/delegacao-so-de-mulheres-representa-o-parana-na-maior-feira-de-artesanato-do-brasil\/","title":{"rendered":"Delega\u00e7\u00e3o s\u00f3 de mulheres representa o Paran\u00e1 na maior feira de artesanato do Brasil"},"content":{"rendered":"\n<p>A Secretaria da Mulher, Igualdade Racial e Pessoa Idosa (Semipi) est\u00e1 com uma delega\u00e7\u00e3o formada exclusivamente por mulheres artes\u00e3s para representar o Paran\u00e1 na 7\u00aa edi\u00e7\u00e3o do Festival Nacional de Artesanato e Cultura (Fenacce). O evento come\u00e7ou ter\u00e7a-feira (9) e segue at\u00e9 s\u00e1bado (14), no Centro de Eventos do Cear\u00e1, em Fortaleza.<\/p>\n\n\n\n<p>No estande do Artesanato Paranaense na Fenacce, est\u00e3o expostas obras de artes\u00e3os pertencentes a uma associa\u00e7\u00e3o e de uma cooperativa: a Associa\u00e7\u00e3o dos N\u00facleos Artesanais de Vizinhan\u00e7a (Anav) e a Cooperativa Social dos Artes\u00e3os Empreendedores do Paran\u00e1 (Cooparte).<\/p>\n\n\n\n<p>Para a secret\u00e1ria da Mulher, Igualdade Racial e Pessoa Idosa, Leandre Dal Ponte, o fato de a delega\u00e7\u00e3o ser 100% feminina destaca valores importantes. \u201cA Fenacce \u00e9 uma oportunidade \u00fanica para mostrar ao Brasil a qualidade e a diversidade do artesanato paranaense. Ao levarmos exclusivamente mulheres artes\u00e3s, refor\u00e7amos nosso compromisso com o empoderamento feminino e com a preserva\u00e7\u00e3o das tradi\u00e7\u00f5es culturais do estado\u201d, destacou.<\/p>\n\n\n\n<p>Segundo Leandre, esta a\u00e7\u00e3o busca valorizar o protagonismo feminino no setor artesanal, incentivar a gera\u00e7\u00e3o de renda e ampliar a presen\u00e7a do Paran\u00e1 em uma das principais vitrines de artesanato do Pa\u00eds.<\/p>\n\n\n\n<p>Segundo a coordenadora Estadual de Fomento ao Artesanato, Pollyana Medeiros, a escolha dos representantes seguiu crit\u00e9rios t\u00e9cnicos. O processo passa por uma curadoria independente, realizada por profissionais de outros \u00f3rg\u00e3os e demais secretarias, que analisam os trabalhos e encaminham os selecionados para o Programa do Artesanato Brasileiro (PAB). Neste ano, o resultado contemplou apenas mulheres &#8211; n\u00e3o por um recorte espec\u00edfico, mas pelo m\u00e9rito das propostas apresentadas.<\/p>\n\n\n\n<p>\u201cCada feira, cada exposi\u00e7\u00e3o, cada festival \u00e9 uma vitrine que pode mudar a trajet\u00f3ria de uma artes\u00e3. A Fenacce coloca o Paran\u00e1 no mapa nacional do artesanato de alto padr\u00e3o e demonstra que, com investimento e suporte, nossas mulheres t\u00eam muito a conquistar\u201d, afirmou Pollyana.<\/p>\n\n\n\n<p>Entre as artes\u00e3s paranaenses que est\u00e3o em Fortaleza, est\u00e1 Edina Grzybowski, de Paranagu\u00e1, no Litoral, que descreveu a participa\u00e7\u00e3o na Fenacce como uma oportunidade de crescimento e valoriza\u00e7\u00e3o do artesanato paranaense.<\/p>\n\n\n\n<p>\u201cParticipar da Fenacce \u00e9 uma experi\u00eancia fant\u00e1stica. O artesanato me complementa como pessoa e profissional; n\u00e3o vivemos apenas dele \u2014 n\u00f3s o sentimos. Sou grata a Deus por ter a chance de ampliar conhecimentos, conhecer novas culturas e valorizar o que amo fazer. Agrade\u00e7o ao Governo do Estado e \u00e0 equipe que nos apoia, sempre dedicadas a fortalecer nosso trabalho. Sinto-me realizada e orgulhosa de representar o Paran\u00e1 como artes\u00e3\u201d, afirmou.<\/p>\n\n\n\n<p><strong>PROTAGONISMO QUILOMBOLA<\/strong>&nbsp;\u2013 Pela primeira vez, uma das selecionadas \u00e9 uma representante quilombola, oriunda do munic\u00edpio de Adrian\u00f3polis, no Vale da Ribeira, que traz consigo um artesanato local de grande expressividade. Suas pe\u00e7as refletem saberes tradicionais por meio da produ\u00e7\u00e3o de objetos em fibra de bananeira, cana-de-a\u00e7\u00facar e taboa &#8211; materiais que se conectam de forma viva ao cotidiano e \u00e0 cultura da comunidade.<\/p>\n\n\n\n<p><strong>FUNCIONAMENTO&nbsp;<\/strong>\u2013 A Semipi \u00e9 respons\u00e1vel por selecionar, preparar e acompanhar as artes\u00e3s durante todo o evento. A Secretaria oferece suporte log\u00edstico completo, incluindo transporte das participantes e das pe\u00e7as, hospedagem, alimenta\u00e7\u00e3o, al\u00e9m de orienta\u00e7\u00f5es t\u00e9cnicas sobre a exposi\u00e7\u00e3o, relacionamento com clientes e estrat\u00e9gias de venda. Todo o custeio da participa\u00e7\u00e3o da delega\u00e7\u00e3o paranaense \u00e9 assumido pelo Governo do Estado, garantindo que as artes\u00e3s representem o Paran\u00e1 sem custos pr\u00f3prios.<\/p>\n\n\n\n<p>AEN\/PR<\/p>\n","protected":false},"excerpt":{"rendered":"<p>A Secretaria da Mulher, Igualdade Racial e Pessoa Idosa (Semipi) est\u00e1 com uma delega\u00e7\u00e3o formada exclusivamente por mulheres artes\u00e3s para representar o Paran\u00e1 na 7\u00aa edi\u00e7\u00e3o do Festival Nacional de Artesanato e Cultura (Fenacce). O evento come\u00e7ou ter\u00e7a-feira (9) e segue at\u00e9 s\u00e1bado (14), no Centro de Eventos do Cear\u00e1, em Fortaleza. No estande do [&hellip;]<\/p>\n","protected":false},"author":2,"featured_media":71958,"comment_status":"open","ping_status":"open","sticky":false,"template":"","format":"standard","meta":{"advanced_seo_description":"","jetpack_seo_html_title":"","jetpack_seo_noindex":false,"_jetpack_memberships_contains_paid_content":false,"footnotes":""},"categories":[40],"tags":[],"class_list":{"0":"post-71957","1":"post","2":"type-post","3":"status-publish","4":"format-standard","5":"has-post-thumbnail","7":"category-destaques"},"jetpack_featured_media_url":"https:\/\/www.paranapraia.com.br\/wp-content\/uploads\/2025\/09\/delegacao_2.jpg","jetpack_sharing_enabled":true,"_links":{"self":[{"href":"https:\/\/www.paranapraia.com.br\/index.php\/wp-json\/wp\/v2\/posts\/71957"}],"collection":[{"href":"https:\/\/www.paranapraia.com.br\/index.php\/wp-json\/wp\/v2\/posts"}],"about":[{"href":"https:\/\/www.paranapraia.com.br\/index.php\/wp-json\/wp\/v2\/types\/post"}],"author":[{"embeddable":true,"href":"https:\/\/www.paranapraia.com.br\/index.php\/wp-json\/wp\/v2\/users\/2"}],"replies":[{"embeddable":true,"href":"https:\/\/www.paranapraia.com.br\/index.php\/wp-json\/wp\/v2\/comments?post=71957"}],"version-history":[{"count":1,"href":"https:\/\/www.paranapraia.com.br\/index.php\/wp-json\/wp\/v2\/posts\/71957\/revisions"}],"predecessor-version":[{"id":71959,"href":"https:\/\/www.paranapraia.com.br\/index.php\/wp-json\/wp\/v2\/posts\/71957\/revisions\/71959"}],"wp:featuredmedia":[{"embeddable":true,"href":"https:\/\/www.paranapraia.com.br\/index.php\/wp-json\/wp\/v2\/media\/71958"}],"wp:attachment":[{"href":"https:\/\/www.paranapraia.com.br\/index.php\/wp-json\/wp\/v2\/media?parent=71957"}],"wp:term":[{"taxonomy":"category","embeddable":true,"href":"https:\/\/www.paranapraia.com.br\/index.php\/wp-json\/wp\/v2\/categories?post=71957"},{"taxonomy":"post_tag","embeddable":true,"href":"https:\/\/www.paranapraia.com.br\/index.php\/wp-json\/wp\/v2\/tags?post=71957"}],"curies":[{"name":"wp","href":"https:\/\/api.w.org\/{rel}","templated":true}]}}