{"id":71954,"date":"2025-09-11T14:50:57","date_gmt":"2025-09-11T17:50:57","guid":{"rendered":"https:\/\/www.paranapraia.com.br\/?p=71954"},"modified":"2025-09-11T14:50:59","modified_gmt":"2025-09-11T17:50:59","slug":"com-estrategia-de-vacinacao-parana-encerra-estado-de-alerta-para-sindromes-respiratorias","status":"publish","type":"post","link":"https:\/\/www.paranapraia.com.br\/index.php\/2025\/09\/11\/com-estrategia-de-vacinacao-parana-encerra-estado-de-alerta-para-sindromes-respiratorias\/","title":{"rendered":"Com estrat\u00e9gia de vacina\u00e7\u00e3o, Paran\u00e1 encerra estado de alerta para s\u00edndromes respirat\u00f3rias"},"content":{"rendered":"\n<p>O Paran\u00e1 saiu oficialmente do estado de alerta que havia sido institu\u00eddo por meio da Resolu\u00e7\u00e3o da Secretaria de Estado da Sa\u00fade (Sesa) n\u00ba 1.014\/2025 para os casos de S\u00edndromes Respirat\u00f3rias Agudas Graves (SRAGs). A informa\u00e7\u00e3o foi confirmada pelo secret\u00e1rio da pasta, Beto Preto, nesta semana, ap\u00f3s uma nova an\u00e1lise dos dados, que demonstraram uma queda na circula\u00e7\u00e3o dos v\u00edrus.<\/p>\n\n\n\n<p>O alerta durou 90 dias. Neste per\u00edodo, diversas a\u00e7\u00f5es foram realizadas para minimizar os agravamentos das doen\u00e7as e aumentar a cobertura vacinal contra a gripe na popula\u00e7\u00e3o paranaense. Segundo o secret\u00e1rio, apesar da gravidade da situa\u00e7\u00e3o, que levou ao alerta, a estrat\u00e9gia adotada pela Sesa apresentou bons resultados.<\/p>\n\n\n\n<p>\u201cTivemos diversos momentos tensos, mas podemos destacar que deu certo. O Paran\u00e1 foi o \u00fanico Estado do Sul e Sudeste que n\u00e3o entrou em estado de emerg\u00eancia em sa\u00fade p\u00fablica por conta das s\u00edndromes respirat\u00f3rias e devemos isso ao apoio dos munic\u00edpios nas a\u00e7\u00f5es\u201d, disse.<\/p>\n\n\n\n<p>Al\u00e9m de iniciar a vacina\u00e7\u00e3o antes do restante do pa\u00eds, abrindo a imuniza\u00e7\u00e3o no dia 1\u00ba de abril, a Sesa tamb\u00e9m viabilizou a abertura de 204 leitos, entre cl\u00ednicos e de UTIs, para adultos e de pediatria, com o objetivo de ampliar o atendimento hospitalar no Estado. Destes leitos, 132 seguem integrando a rede estadual.<\/p>\n\n\n\n<p>Tamb\u00e9m como medida de combate, a Sesa adquiriu 100 mil testes r\u00e1pidos do Instituto de Biologia Molecular do Paran\u00e1 (IBMP) para detec\u00e7\u00e3o de Influenza A, B e Covid-19. O material teve um investimento de R$ 800 mil do Tesouro do Estado e foi distribu\u00eddo para os munic\u00edpios, principalmente, para as Unidades de Pronto Atendimento (UPA), Pronto Atendimento (PA) e Unidades B\u00e1sicas de Sa\u00fade (UBS), fortalecendo o atendimento de casos suspeitos de s\u00edndromes respirat\u00f3rias na rede p\u00fablica.<\/p>\n\n\n\n<p>Segundo os dados do Vacin\u00f4metro Nacional, desde o in\u00edcio da vacina\u00e7\u00e3o, o Paran\u00e1 j\u00e1 registrou 3.643.187 doses contra a Influenza aplicadas, num percentual de 54,35% de cobertura vacinal dentro dos grupos priorit\u00e1rios: crian\u00e7as, gestantes e idosos. A imuniza\u00e7\u00e3o ficou aberta para o p\u00fablico em geral, com o objetivo de atingir o maior n\u00famero de paranaenses.<\/p>\n\n\n\n<p>De acordo com um levantamento da Sesa, os munic\u00edpios possuem atualmente 150 mil doses em estoque. A diferen\u00e7a entre o n\u00famero de doses aplicadas no sistema do Minist\u00e9rio da Sa\u00fade e as doses em estoque dos munic\u00edpios deve-se ao tempo entre a aplica\u00e7\u00e3o e a inser\u00e7\u00e3o dos dados na plataforma.<\/p>\n\n\n\n<p><strong>NOVA FASE<\/strong>&nbsp;\u2013&nbsp;Ap\u00f3s o per\u00edodo mais cr\u00edtico da circula\u00e7\u00e3o dos v\u00edrus respirat\u00f3rios, o Paran\u00e1 inicia agora um novo momento na vacina\u00e7\u00e3o contra a gripe. O Minist\u00e9rio da Sa\u00fade dever\u00e1 enviar 100 mil novas doses ao Estado nas pr\u00f3ximas semanas, e orienta que essas vacinas sejam destinadas exclusivamente aos grupos priorit\u00e1rios.<\/p>\n\n\n\n<p>\u201cVacinar a popula\u00e7\u00e3o em geral foi uma estrat\u00e9gia que deu certo porque contamos com mais pessoas, mas na sa\u00fade n\u00e3o tem vit\u00f3ria completa, \u00e9 trabalhar todos os dias. Por isso, nosso trabalho segue e agora iniciamos uma nova fase, nos grupos que mais precisam\u201d, explicou o secret\u00e1rio.<\/p>\n\n\n\n<p><strong>QUEDA&nbsp;<\/strong>\u2013&nbsp;Os n\u00fameros mostram queda significativa dos casos de SRAG nas \u00faltimas quatro semanas epidemiol\u00f3gicas. Entre as semanas 33 a 36 foram 1.969 notifica\u00e7\u00f5es e 41 \u00f3bitos. Na compara\u00e7\u00e3o com as semanas 20 a 23, anteriores \u00e0 Resolu\u00e7\u00e3o de 6 de junho que instituiu o alerta, a redu\u00e7\u00e3o \u00e9 bastante clara, quando foram notificados 4.736 casos e registrados 323 \u00f3bitos.<\/p>\n\n\n\n<p>Em todo ano epidemiol\u00f3gico de 2025 foram notificados 22.866 casos e 1.436 \u00f3bitos. Dos casos confirmados 3.279 foram de Influenza, 713 de Covid-19 e 6.958 de outros v\u00edrus respirat\u00f3rios. Outros 9.659 registros foram de SRAG n\u00e3o especificada, 126 de outros agentes etiol\u00f3gicos e 2.131 seguem em investiga\u00e7\u00e3o.<\/p>\n\n\n\n<p>Entre os \u00f3bitos, 404 foram por Influenza; 107 por Covid-19 e 30 de outros v\u00edrus respirat\u00f3rios. Tamb\u00e9m houve 26 mortes de outros agentes etiol\u00f3gicos e, ainda, 668 como SRAG n\u00e3o especificadas. H\u00e1 tamb\u00e9m uma morte em investiga\u00e7\u00e3o e 697 por outras causas que n\u00e3o se enquadram nos crit\u00e9rios de SRAG.<\/p>\n\n\n\n<p>Com a redu\u00e7\u00e3o nos casos, consequentemente ocorre tamb\u00e9m a queda nos internamentos e a ocupa\u00e7\u00e3o de leitos por casos de SRAG. Em maio, houve 6.013 internamentos e em junho, antes da Resolu\u00e7\u00e3o, as interna\u00e7\u00f5es chegaram a 6.395. No m\u00eas de julho j\u00e1 \u00e9 poss\u00edvel observar uma redu\u00e7\u00e3o para 4.924 interna\u00e7\u00f5es. Em agosto a queda \u00e9 ainda mais acentuada chegando a 3.988.<\/p>\n\n\n\n<p>AEN\/PR<\/p>\n","protected":false},"excerpt":{"rendered":"<p>O Paran\u00e1 saiu oficialmente do estado de alerta que havia sido institu\u00eddo por meio da Resolu\u00e7\u00e3o da Secretaria de Estado da Sa\u00fade (Sesa) n\u00ba 1.014\/2025 para os casos de S\u00edndromes Respirat\u00f3rias Agudas Graves (SRAGs). A informa\u00e7\u00e3o foi confirmada pelo secret\u00e1rio da pasta, Beto Preto, nesta semana, ap\u00f3s uma nova an\u00e1lise dos dados, que demonstraram uma [&hellip;]<\/p>\n","protected":false},"author":2,"featured_media":71955,"comment_status":"open","ping_status":"open","sticky":false,"template":"","format":"standard","meta":{"advanced_seo_description":"","jetpack_seo_html_title":"","jetpack_seo_noindex":false,"_jetpack_memberships_contains_paid_content":false,"footnotes":""},"categories":[50],"tags":[],"class_list":{"0":"post-71954","1":"post","2":"type-post","3":"status-publish","4":"format-standard","5":"has-post-thumbnail","7":"category-saude"},"jetpack_featured_media_url":"https:\/\/www.paranapraia.com.br\/wp-content\/uploads\/2025\/09\/20190606_agb_vacina_gripe-5_0-scaled.jpg","jetpack_sharing_enabled":true,"_links":{"self":[{"href":"https:\/\/www.paranapraia.com.br\/index.php\/wp-json\/wp\/v2\/posts\/71954"}],"collection":[{"href":"https:\/\/www.paranapraia.com.br\/index.php\/wp-json\/wp\/v2\/posts"}],"about":[{"href":"https:\/\/www.paranapraia.com.br\/index.php\/wp-json\/wp\/v2\/types\/post"}],"author":[{"embeddable":true,"href":"https:\/\/www.paranapraia.com.br\/index.php\/wp-json\/wp\/v2\/users\/2"}],"replies":[{"embeddable":true,"href":"https:\/\/www.paranapraia.com.br\/index.php\/wp-json\/wp\/v2\/comments?post=71954"}],"version-history":[{"count":1,"href":"https:\/\/www.paranapraia.com.br\/index.php\/wp-json\/wp\/v2\/posts\/71954\/revisions"}],"predecessor-version":[{"id":71956,"href":"https:\/\/www.paranapraia.com.br\/index.php\/wp-json\/wp\/v2\/posts\/71954\/revisions\/71956"}],"wp:featuredmedia":[{"embeddable":true,"href":"https:\/\/www.paranapraia.com.br\/index.php\/wp-json\/wp\/v2\/media\/71955"}],"wp:attachment":[{"href":"https:\/\/www.paranapraia.com.br\/index.php\/wp-json\/wp\/v2\/media?parent=71954"}],"wp:term":[{"taxonomy":"category","embeddable":true,"href":"https:\/\/www.paranapraia.com.br\/index.php\/wp-json\/wp\/v2\/categories?post=71954"},{"taxonomy":"post_tag","embeddable":true,"href":"https:\/\/www.paranapraia.com.br\/index.php\/wp-json\/wp\/v2\/tags?post=71954"}],"curies":[{"name":"wp","href":"https:\/\/api.w.org\/{rel}","templated":true}]}}