{"id":71951,"date":"2025-09-11T14:49:18","date_gmt":"2025-09-11T17:49:18","guid":{"rendered":"https:\/\/www.paranapraia.com.br\/?p=71951"},"modified":"2025-09-11T14:49:21","modified_gmt":"2025-09-11T17:49:21","slug":"apos-ser-encontrado-no-mar-bugio-ruivo-e-reintegrado-a-natureza-no-litoral-do-parana","status":"publish","type":"post","link":"https:\/\/www.paranapraia.com.br\/index.php\/2025\/09\/11\/apos-ser-encontrado-no-mar-bugio-ruivo-e-reintegrado-a-natureza-no-litoral-do-parana\/","title":{"rendered":"Ap\u00f3s ser encontrado no mar, bugio-ruivo \u00e9 reintegrado \u00e0 natureza no Litoral do Paran\u00e1"},"content":{"rendered":"\n<p>T\u00e9cnicos do Instituto \u00c1gua e Terra (IAT) devolveram \u00e0 natureza um bugio-ruivo (<em>Alouatta guariba<\/em>) nesta quarta-feira (10), em uma \u00e1rea de prote\u00e7\u00e3o ambiental do Litoral do Paran\u00e1. O animal, um macho jovem, permaneceu 20 dias em tratamento na cl\u00ednica veterin\u00e1ria da Unicesumar, em Curitiba.<\/p>\n\n\n\n<p>O bugio foi resgatado no dia 22 de agosto quando tentava atravessar a nado de uma ilhota para a outra na Ba\u00eda de Guaraque\u00e7aba. Ele foi avistado por um colaborador do Instituto Chico Mendes de Conserva\u00e7\u00e3o da Biodiversidade (ICMbio), que pediu a colabora\u00e7\u00e3o do IAT. O mam\u00edfero estava desidratado e apresentava sinais de afogamento, por isso a necessidade de internamento para a realiza\u00e7\u00e3o de exames cl\u00ednicos e complementares de imagem.<\/p>\n\n\n\n<p>\u201cO bugio recebeu cuidados de manuten\u00e7\u00e3o direcionados para o seu retorno \u00e0 vida livre durante todo o tratamento, o que possibilitou a soltura na natureza, em uma a\u00e7\u00e3o de coopera\u00e7\u00e3o entre o Instituto \u00c1gua e Terra e o ICMBio\u201d, explica o coordenador do setor de Fauna do Escrit\u00f3rio Regional do IAT do Litoral, Rafael Galv\u00e3o.<\/p>\n\n\n\n<p>O bugio-ruivo \u00e9 uma esp\u00e9cie de primata da fam\u00edlia Atelidae, conhecida por sua pelagem avermelhada e seu comportamento vocal caracter\u00edstico, j\u00e1 que emite sons poderosos para comunica\u00e7\u00e3o. Ele est\u00e1 criticamente em risco de extin\u00e7\u00e3o, figurando entre os 25 primatas mais amea\u00e7ados do planeta.<\/p>\n\n\n\n<p>\u201cEssa a\u00e7\u00e3o, de salvar um animal amea\u00e7ado de extin\u00e7\u00e3o que est\u00e1 no plano nacional de esp\u00e9cies amea\u00e7adas, representa muito o bem o trabalho de excel\u00eancia desenvolvido no IAT em rela\u00e7\u00e3o \u00e0 conserva\u00e7\u00e3o da fauna\u201d, destaca o coordenador.<\/p>\n\n\n\n<p><strong>COMO PROCEDER\u00a0<\/strong>\u2013 Ao avistar animais machucados ou v\u00edtimas de maus-tratos, tr\u00e1fico ilegal ou cativeiro irregular, o cidad\u00e3o deve entrar em contato com a\u00a0Ouvidoria do Instituto \u00c1gua e Terra\u00a0ou da\u00a0Pol\u00edcia Militar do Paran\u00e1.<\/p>\n\n\n\n<p>Se preferir, a pessoa pode ligar para o Disque Den\u00fancia 181 e informar de forma objetiva e precisa a localiza\u00e7\u00e3o e o que aconteceu com o animal. Quanto mais detalhes sobre a ocorr\u00eancia, melhor ser\u00e1 a apura\u00e7\u00e3o dos fatos e mais rapidamente as equipes conseguem fazer o atendimento.<\/p>\n\n\n\n<p>AEN\/PR<\/p>\n","protected":false},"excerpt":{"rendered":"<p>T\u00e9cnicos do Instituto \u00c1gua e Terra (IAT) devolveram \u00e0 natureza um bugio-ruivo (Alouatta guariba) nesta quarta-feira (10), em uma \u00e1rea de prote\u00e7\u00e3o ambiental do Litoral do Paran\u00e1. O animal, um macho jovem, permaneceu 20 dias em tratamento na cl\u00ednica veterin\u00e1ria da Unicesumar, em Curitiba. O bugio foi resgatado no dia 22 de agosto quando tentava [&hellip;]<\/p>\n","protected":false},"author":2,"featured_media":71952,"comment_status":"open","ping_status":"open","sticky":false,"template":"","format":"standard","meta":{"advanced_seo_description":"","jetpack_seo_html_title":"","jetpack_seo_noindex":false,"_jetpack_memberships_contains_paid_content":false,"footnotes":""},"categories":[40],"tags":[],"class_list":{"0":"post-71951","1":"post","2":"type-post","3":"status-publish","4":"format-standard","5":"has-post-thumbnail","7":"category-destaques"},"jetpack_featured_media_url":"https:\/\/www.paranapraia.com.br\/wp-content\/uploads\/2025\/09\/bugio_ruivo_1_diego_fernandes_iat_morretes.jpg","jetpack_sharing_enabled":true,"_links":{"self":[{"href":"https:\/\/www.paranapraia.com.br\/index.php\/wp-json\/wp\/v2\/posts\/71951"}],"collection":[{"href":"https:\/\/www.paranapraia.com.br\/index.php\/wp-json\/wp\/v2\/posts"}],"about":[{"href":"https:\/\/www.paranapraia.com.br\/index.php\/wp-json\/wp\/v2\/types\/post"}],"author":[{"embeddable":true,"href":"https:\/\/www.paranapraia.com.br\/index.php\/wp-json\/wp\/v2\/users\/2"}],"replies":[{"embeddable":true,"href":"https:\/\/www.paranapraia.com.br\/index.php\/wp-json\/wp\/v2\/comments?post=71951"}],"version-history":[{"count":1,"href":"https:\/\/www.paranapraia.com.br\/index.php\/wp-json\/wp\/v2\/posts\/71951\/revisions"}],"predecessor-version":[{"id":71953,"href":"https:\/\/www.paranapraia.com.br\/index.php\/wp-json\/wp\/v2\/posts\/71951\/revisions\/71953"}],"wp:featuredmedia":[{"embeddable":true,"href":"https:\/\/www.paranapraia.com.br\/index.php\/wp-json\/wp\/v2\/media\/71952"}],"wp:attachment":[{"href":"https:\/\/www.paranapraia.com.br\/index.php\/wp-json\/wp\/v2\/media?parent=71951"}],"wp:term":[{"taxonomy":"category","embeddable":true,"href":"https:\/\/www.paranapraia.com.br\/index.php\/wp-json\/wp\/v2\/categories?post=71951"},{"taxonomy":"post_tag","embeddable":true,"href":"https:\/\/www.paranapraia.com.br\/index.php\/wp-json\/wp\/v2\/tags?post=71951"}],"curies":[{"name":"wp","href":"https:\/\/api.w.org\/{rel}","templated":true}]}}