{"id":71900,"date":"2025-09-09T14:25:02","date_gmt":"2025-09-09T17:25:02","guid":{"rendered":"https:\/\/www.paranapraia.com.br\/?p=71900"},"modified":"2025-09-09T14:25:21","modified_gmt":"2025-09-09T17:25:21","slug":"novo-centro-de-atencao-psicossocial-infantil-capsi-sera-instalado-em-paranagua","status":"publish","type":"post","link":"https:\/\/www.paranapraia.com.br\/index.php\/2025\/09\/09\/novo-centro-de-atencao-psicossocial-infantil-capsi-sera-instalado-em-paranagua\/","title":{"rendered":"Novo Centro de Aten\u00e7\u00e3o Psicossocial Infantil &#8211; CAPSi &#8211; ser\u00e1 instalado em Paranagu\u00e1"},"content":{"rendered":"\n<p>Em breve Paranagu\u00e1 ter\u00e1 a nova unidade do CAPSi, Centro de Aten\u00e7\u00e3o Psicossocial Infanto-Juvenil, com aporte de R$ 2,6 mi financiados pelo Minist\u00e9rio da Sa\u00fade por meio do Plano de Acelera\u00e7\u00e3o do Crescimento (PAC). A obra, prevista para ser instalada no bairro Leblon, pr\u00f3ximo \u00e0 Unidade de Sa\u00fade \u201cEzequiel Luiz Dias do Nascimento\u201d.<\/p>\n\n\n\n<p>Segundo a secret\u00e1ria municipal de Sa\u00fade (Semsa), Patricia Muzetti Vianna Scacalossi, o CAPSi nasce para atender especificamente crian\u00e7as e adolescentes at\u00e9 18 anos, separando o atendimento infantojuvenil do servi\u00e7o destinado aos adultos. \u201cO CAPSi veio com a proposta do atendimento das crian\u00e7as e adolescentes. Hoje, esse p\u00fablico \u00e9 atendido no CAPS, que atende toda a faixa et\u00e1ria, e agora receber\u00e1 um espa\u00e7o dedicado\u201d, afirma.<\/p>\n\n\n\n<p>A realidade de Paranagu\u00e1 mostra uma demanda significativa por servi\u00e7os de sa\u00fade mental infantil. A secret\u00e1ria destacou que esse \u00e9 um dos eixos de atua\u00e7\u00e3o em que o prefeito Adriano Ramos pediu empenho e dedica\u00e7\u00e3o. Patricia tamb\u00e9m lembrou que ser\u00e3o contratados profissionais especializados como psiquiatras, enfermeiros e m\u00e9dicos, e ressaltou que o Minist\u00e9rio da Sa\u00fade acompanha todas as etapas. \u201cEstamos em tratativas para dar andamento a processos seletivos ou \u00e0 contrata\u00e7\u00e3o de empresa para atuar nesse servi\u00e7o\u201d, acrescenta.<\/p>\n\n\n\n<p>O CAPSi est\u00e1 alinhado \u00e0s diretrizes da Lei n\u00ba 10.216\/2001 e ao Estatuto da Crian\u00e7a e do Adolescente (ECA), com o foco na prote\u00e7\u00e3o integral e na reinser\u00e7\u00e3o social, buscando evitar interna\u00e7\u00f5es prolongadas. O novo espa\u00e7o ter\u00e1 equipe multidisciplinar \u2014 terapeutas ocupacionais, psic\u00f3logos, enfermeiros, assistentes sociais, t\u00e9cnicos de enfermagem, fisioterapeuta e m\u00e9dicos \u2014 e funcionamento espec\u00edfico para a faixa et\u00e1ria infantojuvenil, com a\u00e7\u00f5es para prevenir situa\u00e7\u00f5es constrangedoras e melhorar o v\u00ednculo com o servi\u00e7o.<\/p>\n\n\n\n<p>O tratamento especializado para crian\u00e7as e adolescentes, com foco em reinser\u00e7\u00e3o social e redu\u00e7\u00e3o de interna\u00e7\u00f5es, amplia a continuidade de cuidados na Rede de Aten\u00e7\u00e3o Psicossocial de Paranagu\u00e1. O CAPSi integra, assim, uma rede de cuidado mais abrangente e acess\u00edvel para a popula\u00e7\u00e3o infantojuvenil da cidade.<\/p>\n\n\n\n<p>Assessoria<\/p>\n","protected":false},"excerpt":{"rendered":"<p>Em breve Paranagu\u00e1 ter\u00e1 a nova unidade do CAPSi, Centro de Aten\u00e7\u00e3o Psicossocial Infanto-Juvenil, com aporte de R$ 2,6 mi financiados pelo Minist\u00e9rio da Sa\u00fade por meio do Plano de Acelera\u00e7\u00e3o do Crescimento (PAC). A obra, prevista para ser instalada no bairro Leblon, pr\u00f3ximo \u00e0 Unidade de Sa\u00fade \u201cEzequiel Luiz Dias do Nascimento\u201d. Segundo a [&hellip;]<\/p>\n","protected":false},"author":2,"featured_media":71901,"comment_status":"open","ping_status":"open","sticky":false,"template":"","format":"standard","meta":{"advanced_seo_description":"","jetpack_seo_html_title":"","jetpack_seo_noindex":false,"_jetpack_memberships_contains_paid_content":false,"footnotes":""},"categories":[77],"tags":[321],"class_list":{"0":"post-71900","1":"post","2":"type-post","3":"status-publish","4":"format-standard","5":"has-post-thumbnail","7":"category-paranagua","8":"tag-paranagua"},"jetpack_featured_media_url":"https:\/\/www.paranapraia.com.br\/wp-content\/uploads\/2025\/09\/thumb-7.jpeg","jetpack_sharing_enabled":true,"_links":{"self":[{"href":"https:\/\/www.paranapraia.com.br\/index.php\/wp-json\/wp\/v2\/posts\/71900"}],"collection":[{"href":"https:\/\/www.paranapraia.com.br\/index.php\/wp-json\/wp\/v2\/posts"}],"about":[{"href":"https:\/\/www.paranapraia.com.br\/index.php\/wp-json\/wp\/v2\/types\/post"}],"author":[{"embeddable":true,"href":"https:\/\/www.paranapraia.com.br\/index.php\/wp-json\/wp\/v2\/users\/2"}],"replies":[{"embeddable":true,"href":"https:\/\/www.paranapraia.com.br\/index.php\/wp-json\/wp\/v2\/comments?post=71900"}],"version-history":[{"count":1,"href":"https:\/\/www.paranapraia.com.br\/index.php\/wp-json\/wp\/v2\/posts\/71900\/revisions"}],"predecessor-version":[{"id":71902,"href":"https:\/\/www.paranapraia.com.br\/index.php\/wp-json\/wp\/v2\/posts\/71900\/revisions\/71902"}],"wp:featuredmedia":[{"embeddable":true,"href":"https:\/\/www.paranapraia.com.br\/index.php\/wp-json\/wp\/v2\/media\/71901"}],"wp:attachment":[{"href":"https:\/\/www.paranapraia.com.br\/index.php\/wp-json\/wp\/v2\/media?parent=71900"}],"wp:term":[{"taxonomy":"category","embeddable":true,"href":"https:\/\/www.paranapraia.com.br\/index.php\/wp-json\/wp\/v2\/categories?post=71900"},{"taxonomy":"post_tag","embeddable":true,"href":"https:\/\/www.paranapraia.com.br\/index.php\/wp-json\/wp\/v2\/tags?post=71900"}],"curies":[{"name":"wp","href":"https:\/\/api.w.org\/{rel}","templated":true}]}}