{"id":71894,"date":"2025-09-07T08:30:06","date_gmt":"2025-09-07T11:30:06","guid":{"rendered":"https:\/\/www.paranapraia.com.br\/?p=71894"},"modified":"2025-09-07T08:30:08","modified_gmt":"2025-09-07T11:30:08","slug":"prefeito-adriano-ramos-e-vice-prefeita-fabiana-parro-participam-da-celebracao-de-posse-do-novo-bispo-de-paranagua","status":"publish","type":"post","link":"https:\/\/www.paranapraia.com.br\/index.php\/2025\/09\/07\/prefeito-adriano-ramos-e-vice-prefeita-fabiana-parro-participam-da-celebracao-de-posse-do-novo-bispo-de-paranagua\/","title":{"rendered":"Prefeito Adriano Ramos e vice-prefeita Fabiana Parro participam da celebra\u00e7\u00e3o de posse do novo bispo de Paranagu\u00e1"},"content":{"rendered":"\n<p>Na noite da sexta-feira, dia 5, a Catedral Diocesana de Paranagu\u00e1 recebeu a celebra\u00e7\u00e3o de posse do novo bispo da Diocese, Dom Paulo Alves Rom\u00e3o, o 5.\u00ba a assumir o cargo. A missa foi presidida por Dom Bruno Versari, com participa\u00e7\u00e3o do padre Emerson Zella, os quais deram as boas-vindas ao sucessor.<\/p>\n\n\n\n<p>A cerim\u00f4nia foi acompanhada pelo prefeito Adriano Ramos, a vice-prefeita Fabiana Parro, o chefe de gabinete da Prefeitura de Paranagu\u00e1, Andr\u00e9 Ferruci e o secret\u00e1rio municipal de Cultura e Turismo (Secultur), Jos\u00e9 Reis de Freitas Neto. Fi\u00e9is da cidade e de toda a regi\u00e3o lotaram a Catedral Diocesana e aplaudiram a chegada do novo bispo.<\/p>\n\n\n\n<p>Durante a celebra\u00e7\u00e3o, Dom Paulo Rom\u00e3o expressou sua alegria em retornar ao Estado natal. \u201cQuando recebi a liga\u00e7\u00e3o de que viria para c\u00e1, fiquei muito feliz, porque sou paranaense. Vivo no Rio de Janeiro, mas meu sonho era regressar ao meu Estado. Como estou feliz em estar aqui, nesta Diocese, vivendo esse momento t\u00e3o bonito com essa comunidade. Essa \u00e9 minha miss\u00e3o, que honro conforme os ensinamentos de Cristo\u201d, declarou.<\/p>\n\n\n\n<p>J\u00e1 Dom Bruno Versari, que deixa a condu\u00e7\u00e3o da Diocese, agradeceu \u00e0 comunidade pelo tempo em que esteve \u00e0 frente da miss\u00e3o e celebrou a chegada do sucessor. \u201cTemos muita alegria em receber Dom Paulo em nossa comunidade e apresent\u00e1-lo a voc\u00eas, com muita satisfa\u00e7\u00e3o e f\u00e9\u201d, ressaltou.<\/p>\n\n\n\n<p>O prefeito Adriano Ramos deu as boas-vindas oficiais em nome do munic\u00edpio. \u201cDesejamos boas-vindas ao bispo Dom Paulo Rom\u00e3o, em nome do munic\u00edpio, estreitamos os nosso la\u00e7os e acreditamos que ele far\u00e1 um bom trabalho \u00e0 frente da Diocese de Paranagu\u00e1\u201d, ressaltou o prefeito.<\/p>\n\n\n\n<p>Para a vice-prefeita Fabiana Parro, a chegada do novo bispo refor\u00e7a a relev\u00e2ncia da Igreja Cat\u00f3lica para a vida da cidade. \u201cSer\u00e1 um momento muito importante para nossa Diocese. Ele j\u00e1 demonstrou ser uma pessoa cativante, e Paranagu\u00e1 sabe receber com carinho. Tenho certeza de que far\u00e1 um trabalho brilhante com toda a comunidade cat\u00f3lica\u201d, enfatizou Fabiana Parro.<\/p>\n\n\n\n<p>O secret\u00e1rio Jos\u00e9 Reis de Freitas Neto ressaltou a relev\u00e2ncia do turismo religioso. \u201cO turismo religioso tem um grande impacto na economia de Paranagu\u00e1. \u00c9 sempre uma satisfa\u00e7\u00e3o receber um bispo, isso mexe com toda a Diocese. Vemos boas perspectivas de trabalho em conjunto com o Santu\u00e1rio e a Diocese do Ros\u00e1rio\u201d, destacou o secret\u00e1rio de Cultura e Turismo.<\/p>\n\n\n\n<p>Trajet\u00f3ria de Dom Paulo Rom\u00e3o<\/p>\n\n\n\n<p>Natural de Barra do Jacar\u00e9 (PR), Dom Paulo viveu at\u00e9 os 20 anos ajudando a fam\u00edlia nos trabalhos rurais. Mudou-se depois para o Rio de Janeiro, onde iniciou seus estudos e sentiu o chamado para a vida sacerdotal. Cursou Filosofia e Teologia no Semin\u00e1rio Arquidiocesano de S\u00e3o Jos\u00e9 e foi ordenado padre em 28 de junho de 1997.<\/p>\n\n\n\n<p>Em 7 de dezembro de 2016, foi nomeado bispo auxiliar da Arquidiocese do Rio de Janeiro pelo Papa Francisco, recebendo a ordena\u00e7\u00e3o episcopal em janeiro de 2017. Ao longo de sua trajet\u00f3ria, atuou ao lado do cardeal Dom Orani Tempesta, coordenou a Pastoral Universit\u00e1ria e foi diretor do departamento arquidiocesano de ensino religioso, entre outras fun\u00e7\u00f5es.<\/p>\n\n\n\n<p>No dia 20 de agosto de 2025, o Papa Le\u00e3o XIV anunciou sua nomea\u00e7\u00e3o como novo bispo de Paranagu\u00e1. Dia 27 de setembro ser\u00e1 a cerim\u00f4nia de posse de Dom Paulo Rom\u00e3o.<\/p>\n\n\n\n<p>Assessoria<\/p>\n","protected":false},"excerpt":{"rendered":"<p>Na noite da sexta-feira, dia 5, a Catedral Diocesana de Paranagu\u00e1 recebeu a celebra\u00e7\u00e3o de posse do novo bispo da Diocese, Dom Paulo Alves Rom\u00e3o, o 5.\u00ba a assumir o cargo. A missa foi presidida por Dom Bruno Versari, com participa\u00e7\u00e3o do padre Emerson Zella, os quais deram as boas-vindas ao sucessor. A cerim\u00f4nia foi [&hellip;]<\/p>\n","protected":false},"author":2,"featured_media":71895,"comment_status":"open","ping_status":"open","sticky":false,"template":"","format":"standard","meta":{"advanced_seo_description":"","jetpack_seo_html_title":"","jetpack_seo_noindex":false,"_jetpack_memberships_contains_paid_content":false,"footnotes":""},"categories":[77],"tags":[321,1471],"class_list":{"0":"post-71894","1":"post","2":"type-post","3":"status-publish","4":"format-standard","5":"has-post-thumbnail","7":"category-paranagua","8":"tag-paranagua","9":"tag-prefeito-adriano-ramos-e-vice-prefeita-fabiana-parro-participam-da-celebracao-de-posse-do-novo-bispo-de-paranagua"},"jetpack_featured_media_url":"https:\/\/www.paranapraia.com.br\/wp-content\/uploads\/2025\/09\/thumb-17.jpeg","jetpack_sharing_enabled":true,"_links":{"self":[{"href":"https:\/\/www.paranapraia.com.br\/index.php\/wp-json\/wp\/v2\/posts\/71894"}],"collection":[{"href":"https:\/\/www.paranapraia.com.br\/index.php\/wp-json\/wp\/v2\/posts"}],"about":[{"href":"https:\/\/www.paranapraia.com.br\/index.php\/wp-json\/wp\/v2\/types\/post"}],"author":[{"embeddable":true,"href":"https:\/\/www.paranapraia.com.br\/index.php\/wp-json\/wp\/v2\/users\/2"}],"replies":[{"embeddable":true,"href":"https:\/\/www.paranapraia.com.br\/index.php\/wp-json\/wp\/v2\/comments?post=71894"}],"version-history":[{"count":1,"href":"https:\/\/www.paranapraia.com.br\/index.php\/wp-json\/wp\/v2\/posts\/71894\/revisions"}],"predecessor-version":[{"id":71896,"href":"https:\/\/www.paranapraia.com.br\/index.php\/wp-json\/wp\/v2\/posts\/71894\/revisions\/71896"}],"wp:featuredmedia":[{"embeddable":true,"href":"https:\/\/www.paranapraia.com.br\/index.php\/wp-json\/wp\/v2\/media\/71895"}],"wp:attachment":[{"href":"https:\/\/www.paranapraia.com.br\/index.php\/wp-json\/wp\/v2\/media?parent=71894"}],"wp:term":[{"taxonomy":"category","embeddable":true,"href":"https:\/\/www.paranapraia.com.br\/index.php\/wp-json\/wp\/v2\/categories?post=71894"},{"taxonomy":"post_tag","embeddable":true,"href":"https:\/\/www.paranapraia.com.br\/index.php\/wp-json\/wp\/v2\/tags?post=71894"}],"curies":[{"name":"wp","href":"https:\/\/api.w.org\/{rel}","templated":true}]}}