{"id":71891,"date":"2025-09-07T08:27:32","date_gmt":"2025-09-07T11:27:32","guid":{"rendered":"https:\/\/www.paranapraia.com.br\/?p=71891"},"modified":"2025-09-07T08:27:34","modified_gmt":"2025-09-07T11:27:34","slug":"paranagua-recebe-atletas-advogados-de-todo-o-brasil-em-campeonato-com-apoio-da-prefeitura","status":"publish","type":"post","link":"https:\/\/www.paranapraia.com.br\/index.php\/2025\/09\/07\/paranagua-recebe-atletas-advogados-de-todo-o-brasil-em-campeonato-com-apoio-da-prefeitura\/","title":{"rendered":"Paranagu\u00e1 recebe atletas advogados de todo o Brasil em campeonato com apoio da prefeitura"},"content":{"rendered":"\n<p>Paranagu\u00e1 abriu as portas para atletas advogados de diversas regi\u00f5es do Brasil, neste s\u00e1bado, dia 6, dando in\u00edcio ao 1.\u00ba Campeonato de Voleibol e Beach Tennis da ALIVA e ao 2.\u00ba JAL \u2013 Jogos da Advocacia no Litoral. A cerim\u00f4nia de abertura ocorreu na Arena Albertina Salmon, e as disputas se estender\u00e3o por diferentes locais da cidade, incluindo o Sesc Paranagu\u00e1, o Instituto \u00c1gatha, o Open Beach e o Est\u00e1dio Gigante do Itiber\u00ea, ao longo deste fim de semana.<\/p>\n\n\n\n<p>O prefeito de Paranagu\u00e1, Adriano Ramos, participou da abertura do evento e ressaltou o impacto econ\u00f4mico de encontros esportivos para a cidade. \u201cPara Paranagu\u00e1 \u00e9 sensacional receber advogados e advogadas de todo o Brasil. Temos delega\u00e7\u00f5es do Estado de Alagoas, do Par\u00e1 e de outras regi\u00f5es. Quando eles chegam, almo\u00e7am, jantam em restaurantes, visitam pontos tur\u00edsticos, compram no com\u00e9rcio, esse dinheiro circula pela cidade, fortalecendo a nossa economia\u201d, destacou.<\/p>\n\n\n\n<p>O secret\u00e1rio municipal de Esportes, Silvio Lucas, complementou a vis\u00e3o de que a atividade vai al\u00e9m da competi\u00e7\u00e3o. \u201cS\u00e3o pessoas de v\u00e1rias partes do Brasil que v\u00e3o conhecer nossa cultura e gastronomia. Muitos chegam com o interesse de conhecer a Ilha do Mel, um atrativo que coloca Paranagu\u00e1 no mapa tur\u00edstico do pa\u00eds e do mundo. O esporte gera competi\u00e7\u00e3o, mas o maior vencedor \u00e9 toda a cidade que ganha em visibilidade\u201d, afirmou.<\/p>\n\n\n\n<p>Jos\u00e9 Ant\u00f4nio Sch\u00fcller da Cruz, presidente da Ordem dos Advogados (OAB) subse\u00e7\u00e3o Paranagu\u00e1, refor\u00e7ou a import\u00e2ncia do evento. \u201cTrazer atletas de outras regi\u00f5es valoriza Paranagu\u00e1 como Cidade-M\u00e3e do Paran\u00e1, com suas belezas naturais e riqueza cultural. Ficamos muito felizes em proporcionar esses jogos ao nosso munic\u00edpio\u201d, disse o presidente.<\/p>\n\n\n\n<p>Claudio Vieira, t\u00e9cnico da delega\u00e7\u00e3o de Bel\u00e9m do Par\u00e1, contou um pouco sobre a dist\u00e2ncia percorrida at\u00e9 chegar ao litoral paranaense. \u201cForam mais de 30 mil quil\u00f4metros. Pegamos o avi\u00e3o e passamos mais de 12 horas no percurso. Mas valeu a pena. Estamos com a maior vontade de participar. A receptividade aqui tem sido excelente; as pessoas s\u00e3o atenciosas, respeitosas e muito am\u00e1veis\u201d, descreveu.<\/p>\n\n\n\n<p>Receber eventos como esse traz benef\u00edcios diretos e duradouros para Paranagu\u00e1: dinamiza a economia local com fluxo de visitantes que utilizam hot\u00e9is, restaurantes e com\u00e9rcio; amplia a visibilidade da cidade como destino tur\u00edstico e polo esportivo.<\/p>\n\n\n\n<p>Acompanharam tamb\u00e9m a abertura do evento o presidente da C\u00e2mara de Paranagu\u00e1, o advogado Adalberto Ara\u00fajo, o gerente executivo do Sesc Paranagu\u00e1, Joel Viana J\u00fanior, o presidente de Comiss\u00e3o de Esportes da OAB Paranagu\u00e1, Oscar Mendes J\u00fanior, a coordenadora geral dos Jogos da ALIVA, Bernardete Leandro, e o presidente da Caixa de Assist\u00eancia dos Advogados do Paran\u00e1, Fernando Deneka.<\/p>\n\n\n\n<p>Assessoria<\/p>\n","protected":false},"excerpt":{"rendered":"<p>Paranagu\u00e1 abriu as portas para atletas advogados de diversas regi\u00f5es do Brasil, neste s\u00e1bado, dia 6, dando in\u00edcio ao 1.\u00ba Campeonato de Voleibol e Beach Tennis da ALIVA e ao 2.\u00ba JAL \u2013 Jogos da Advocacia no Litoral. A cerim\u00f4nia de abertura ocorreu na Arena Albertina Salmon, e as disputas se estender\u00e3o por diferentes locais [&hellip;]<\/p>\n","protected":false},"author":2,"featured_media":71892,"comment_status":"open","ping_status":"open","sticky":false,"template":"","format":"standard","meta":{"advanced_seo_description":"","jetpack_seo_html_title":"","jetpack_seo_noindex":false,"_jetpack_memberships_contains_paid_content":false,"footnotes":""},"categories":[40,77],"tags":[321],"class_list":{"0":"post-71891","1":"post","2":"type-post","3":"status-publish","4":"format-standard","5":"has-post-thumbnail","7":"category-destaques","8":"category-paranagua","9":"tag-paranagua"},"jetpack_featured_media_url":"https:\/\/www.paranapraia.com.br\/wp-content\/uploads\/2025\/09\/thumb-16.jpeg","jetpack_sharing_enabled":true,"_links":{"self":[{"href":"https:\/\/www.paranapraia.com.br\/index.php\/wp-json\/wp\/v2\/posts\/71891"}],"collection":[{"href":"https:\/\/www.paranapraia.com.br\/index.php\/wp-json\/wp\/v2\/posts"}],"about":[{"href":"https:\/\/www.paranapraia.com.br\/index.php\/wp-json\/wp\/v2\/types\/post"}],"author":[{"embeddable":true,"href":"https:\/\/www.paranapraia.com.br\/index.php\/wp-json\/wp\/v2\/users\/2"}],"replies":[{"embeddable":true,"href":"https:\/\/www.paranapraia.com.br\/index.php\/wp-json\/wp\/v2\/comments?post=71891"}],"version-history":[{"count":1,"href":"https:\/\/www.paranapraia.com.br\/index.php\/wp-json\/wp\/v2\/posts\/71891\/revisions"}],"predecessor-version":[{"id":71893,"href":"https:\/\/www.paranapraia.com.br\/index.php\/wp-json\/wp\/v2\/posts\/71891\/revisions\/71893"}],"wp:featuredmedia":[{"embeddable":true,"href":"https:\/\/www.paranapraia.com.br\/index.php\/wp-json\/wp\/v2\/media\/71892"}],"wp:attachment":[{"href":"https:\/\/www.paranapraia.com.br\/index.php\/wp-json\/wp\/v2\/media?parent=71891"}],"wp:term":[{"taxonomy":"category","embeddable":true,"href":"https:\/\/www.paranapraia.com.br\/index.php\/wp-json\/wp\/v2\/categories?post=71891"},{"taxonomy":"post_tag","embeddable":true,"href":"https:\/\/www.paranapraia.com.br\/index.php\/wp-json\/wp\/v2\/tags?post=71891"}],"curies":[{"name":"wp","href":"https:\/\/api.w.org\/{rel}","templated":true}]}}