{"id":71888,"date":"2025-09-06T08:22:59","date_gmt":"2025-09-06T11:22:59","guid":{"rendered":"https:\/\/www.paranapraia.com.br\/?p=71888"},"modified":"2025-09-15T08:46:05","modified_gmt":"2025-09-15T11:46:05","slug":"evento-de-7-de-setembro-em-pontal-do-parana-e-suspenso-devido-as-chuvas","status":"publish","type":"post","link":"https:\/\/www.paranapraia.com.br\/index.php\/2025\/09\/06\/evento-de-7-de-setembro-em-pontal-do-parana-e-suspenso-devido-as-chuvas\/","title":{"rendered":"Evento de 7 de Setembro em Pontal do Paran\u00e1 \u00e9 suspenso devido \u00e0s chuvas"},"content":{"rendered":"\n<p>O tradicional Desfile C\u00edvico da Independ\u00eancia do Brasil, que seria realizado neste s\u00e1bado (7), juntamente com a programa\u00e7\u00e3o do Dia da Fam\u00edlia, em Pontal do Paran\u00e1, foi suspenso devido \u00e0s condi\u00e7\u00f5es clim\u00e1ticas.<\/p>\n\n\n\n<p>A decis\u00e3o foi anunciada pela Prefeitura Municipal, que destacou a preocupa\u00e7\u00e3o com a seguran\u00e7a dos participantes e da comunidade em fun\u00e7\u00e3o das chuvas que atingem o munic\u00edpio. O evento fazia parte da agenda especial em comemora\u00e7\u00e3o aos 30 anos de emancipa\u00e7\u00e3o pol\u00edtica de Pontal do Paran\u00e1, marcada por atividades c\u00edvicas e culturais ao longo do m\u00eas.<\/p>\n\n\n\n<p>A administra\u00e7\u00e3o municipal informou que novas orienta\u00e7\u00f5es sobre a programa\u00e7\u00e3o ser\u00e3o divulgadas em breve. A expectativa \u00e9 de que a comunidade possa celebrar as datas em um momento mais adequado, garantindo a participa\u00e7\u00e3o de escolas, institui\u00e7\u00f5es e fam\u00edlias que estavam preparadas para o desfile.<\/p>\n\n\n\n<p>O Desfile C\u00edvico de 7 de Setembro \u00e9 um momento de orgulho para nossa cidade, mas neste momento precisamos priorizar a seguran\u00e7a de todos. Em breve traremos mais informa\u00e7\u00f5es sobre a retomada das comemora\u00e7\u00f5es, destacou a nota da Prefeitura.<\/p>\n\n\n\n<p>Mais informa\u00e7\u00f5es devem ser anunciadas nos canais oficiais da Prefeitura de Pontal do Paran\u00e1.<\/p>\n\n\n\n<p>Reda\u00e7\u00e3o <\/p>\n","protected":false},"excerpt":{"rendered":"<p>O tradicional Desfile C\u00edvico da Independ\u00eancia do Brasil, que seria realizado neste s\u00e1bado (7), juntamente com a programa\u00e7\u00e3o do Dia da Fam\u00edlia, em Pontal do Paran\u00e1, foi suspenso devido \u00e0s condi\u00e7\u00f5es clim\u00e1ticas. A decis\u00e3o foi anunciada pela Prefeitura Municipal, que destacou a preocupa\u00e7\u00e3o com a seguran\u00e7a dos participantes e da comunidade em fun\u00e7\u00e3o das chuvas [&hellip;]<\/p>\n","protected":false},"author":2,"featured_media":71889,"comment_status":"open","ping_status":"open","sticky":false,"template":"","format":"standard","meta":{"advanced_seo_description":"","jetpack_seo_html_title":"","jetpack_seo_noindex":false,"_jetpack_memberships_contains_paid_content":false,"footnotes":""},"categories":[40,65],"tags":[1470,318],"class_list":{"0":"post-71888","1":"post","2":"type-post","3":"status-publish","4":"format-standard","5":"has-post-thumbnail","7":"category-destaques","8":"category-pontal-do-parana","9":"tag-desfile","10":"tag-pontal-do-parana"},"jetpack_featured_media_url":"https:\/\/www.paranapraia.com.br\/wp-content\/uploads\/2025\/09\/file_00000000199c61f5b7c9bdc65d2d71d2.png","jetpack_sharing_enabled":true,"_links":{"self":[{"href":"https:\/\/www.paranapraia.com.br\/index.php\/wp-json\/wp\/v2\/posts\/71888"}],"collection":[{"href":"https:\/\/www.paranapraia.com.br\/index.php\/wp-json\/wp\/v2\/posts"}],"about":[{"href":"https:\/\/www.paranapraia.com.br\/index.php\/wp-json\/wp\/v2\/types\/post"}],"author":[{"embeddable":true,"href":"https:\/\/www.paranapraia.com.br\/index.php\/wp-json\/wp\/v2\/users\/2"}],"replies":[{"embeddable":true,"href":"https:\/\/www.paranapraia.com.br\/index.php\/wp-json\/wp\/v2\/comments?post=71888"}],"version-history":[{"count":1,"href":"https:\/\/www.paranapraia.com.br\/index.php\/wp-json\/wp\/v2\/posts\/71888\/revisions"}],"predecessor-version":[{"id":71890,"href":"https:\/\/www.paranapraia.com.br\/index.php\/wp-json\/wp\/v2\/posts\/71888\/revisions\/71890"}],"wp:featuredmedia":[{"embeddable":true,"href":"https:\/\/www.paranapraia.com.br\/index.php\/wp-json\/wp\/v2\/media\/71889"}],"wp:attachment":[{"href":"https:\/\/www.paranapraia.com.br\/index.php\/wp-json\/wp\/v2\/media?parent=71888"}],"wp:term":[{"taxonomy":"category","embeddable":true,"href":"https:\/\/www.paranapraia.com.br\/index.php\/wp-json\/wp\/v2\/categories?post=71888"},{"taxonomy":"post_tag","embeddable":true,"href":"https:\/\/www.paranapraia.com.br\/index.php\/wp-json\/wp\/v2\/tags?post=71888"}],"curies":[{"name":"wp","href":"https:\/\/api.w.org\/{rel}","templated":true}]}}