{"id":71885,"date":"2025-09-05T14:22:16","date_gmt":"2025-09-05T17:22:16","guid":{"rendered":"https:\/\/www.paranapraia.com.br\/?p=71885"},"modified":"2025-09-05T14:22:18","modified_gmt":"2025-09-05T17:22:18","slug":"pontal-do-parana-encerra-mutirao-de-castracao-com-mais-de-420-animais-atendidos","status":"publish","type":"post","link":"https:\/\/www.paranapraia.com.br\/index.php\/2025\/09\/05\/pontal-do-parana-encerra-mutirao-de-castracao-com-mais-de-420-animais-atendidos\/","title":{"rendered":"Pontal do Paran\u00e1 encerra Mutir\u00e3o de Castra\u00e7\u00e3o com mais de 420 animais atendidos"},"content":{"rendered":"\n<p>O balne\u00e1rio de Ipanema, em Pontal do Paran\u00e1, recebeu entre os dias 02 e 04 de setembro mais uma edi\u00e7\u00e3o do Mutir\u00e3o de Castra\u00e7\u00e3o de c\u00e3es e gatos, promovido pela Rede de Prote\u00e7\u00e3o Animal do munic\u00edpio.<br>A a\u00e7\u00e3o encerrou ontem (04) com 422 animais atendidos: 179 c\u00e3es e 243 gatos.<\/p>\n\n\n\n<p>Atualmente a aten\u00e7\u00e3o especial tem sido voltada aos felinos, em raz\u00e3o da presen\u00e7a da esporotricose na regi\u00e3o (micose provocada pelo fungo Sporothrix schenckii, que atinge principalmente os gatos e, em alguns casos, pode ser transmitida aos humanos).<br>A enfermidade se caracteriza por les\u00f5es profundas na pele, de cicatriza\u00e7\u00e3o lenta e dif\u00edcil.<\/p>\n\n\n\n<p>As castra\u00e7\u00f5es s\u00e3o priorizadas para pessoas em situa\u00e7\u00e3o de vulnerabilidade social e para animais resgatados das ruas.<\/p>\n\n\n\n<p>O prefeito de Pontal do Paran\u00e1, Rud\u00e3o Gimenes, destacou a import\u00e2ncia da iniciativa:<br>\u201cEncerramos mais um mutir\u00e3o de castra\u00e7\u00e3o com a sensa\u00e7\u00e3o de dever cumprido. Foram mais de 400 animais atendidos em apenas tr\u00eas dias, entre c\u00e3es e gatos. Esse trabalho \u00e9 fundamental para o controle populacional e tamb\u00e9m para a sa\u00fade p\u00fablica, principalmente no enfrentamento da esporotricose. Agrade\u00e7o a todos os profissionais e volunt\u00e1rios que se dedicaram para que essa a\u00e7\u00e3o acontecesse&#8221;.<\/p>\n\n\n\n<p>O m\u00e9dico veterin\u00e1rio Renan Delfaco ressaltou que o p\u00f3s-operat\u00f3rio \u00e9 simples para os tutores:<br>\u201cA recupera\u00e7\u00e3o \u00e9 bem tranquila. Fornecemos todo o medicamento necess\u00e1rio, os animais j\u00e1 saem chipados e o munic\u00edpio oferece um telefone com suporte de veterin\u00e1rio 24 horas para tirar d\u00favidas. \u00c9 um p\u00f3s-operat\u00f3rio muito seguro e sem complica\u00e7\u00f5es.\u201d<\/p>\n\n\n\n<p>J\u00e1 a diretora de Meio Ambiente, Fl\u00e1via Zacarias, comemorou os resultados:<br>\u201cA expectativa era fechar em torno de 400 animais atendidos, mas superamos esse n\u00famero e conseguimos finalizar com mais de 400 castra\u00e7\u00f5es. Em dezembro teremos o \u00faltimo mutir\u00e3o para encerrar o ano de 2025 com mais uma grande a\u00e7\u00e3o de cuidado e preven\u00e7\u00e3o.\u201d<\/p>\n\n\n\n<p>A pr\u00f3xima edi\u00e7\u00e3o do Mutir\u00e3o de Castra\u00e7\u00e3o est\u00e1 confirmada para o m\u00eas de dezembro, quando o munic\u00edpio realizar\u00e1 o \u00faltimo evento do ano.<\/p>\n\n\n\n<p>Para participar das pr\u00f3ximas edi\u00e7\u00f5es, \u00e9 necess\u00e1rio apresentar documentos pessoais (RG ou CNH), comprovante de resid\u00eancia, Cadastro \u00danico (Cad\u00danico) e fotos do animal.<br>Os pedidos devem ser feitos via protocolo, presencialmente na sede da Prefeitura, em Praia de Leste, ou pelo site. \u00c9 essencial preencher corretamente os campos solicitados e anexar os documentos necess\u00e1rios, incluindo um telefone atualizado.<\/p>\n\n\n\n<p>A administra\u00e7\u00e3o ressalta a import\u00e2ncia de manter os contatos telef\u00f4nicos atualizados, pois o agendamento \u00e9 confirmado por liga\u00e7\u00e3o. Caso o n\u00famero informado n\u00e3o seja atendido em tr\u00eas tentativas, o protocolo \u00e9 arquivado.<\/p>\n\n\n\n<p>\ud83d\udcde Mais informa\u00e7\u00f5es: (41) 3455-9643 ou (41) 93500-7993.<\/p>\n\n\n\n<p>\ud83d\udcf7 Fotos: PMPPR\/ Clovis Santos<\/p>\n","protected":false},"excerpt":{"rendered":"<p>O balne\u00e1rio de Ipanema, em Pontal do Paran\u00e1, recebeu entre os dias 02 e 04 de setembro mais uma edi\u00e7\u00e3o do Mutir\u00e3o de Castra\u00e7\u00e3o de c\u00e3es e gatos, promovido pela Rede de Prote\u00e7\u00e3o Animal do munic\u00edpio.A a\u00e7\u00e3o encerrou ontem (04) com 422 animais atendidos: 179 c\u00e3es e 243 gatos. Atualmente a aten\u00e7\u00e3o especial tem sido [&hellip;]<\/p>\n","protected":false},"author":2,"featured_media":71886,"comment_status":"open","ping_status":"open","sticky":false,"template":"","format":"standard","meta":{"advanced_seo_description":"","jetpack_seo_html_title":"","jetpack_seo_noindex":false,"_jetpack_memberships_contains_paid_content":false,"footnotes":""},"categories":[40,65],"tags":[318,1469],"class_list":{"0":"post-71885","1":"post","2":"type-post","3":"status-publish","4":"format-standard","5":"has-post-thumbnail","7":"category-destaques","8":"category-pontal-do-parana","9":"tag-pontal-do-parana","10":"tag-pontal-do-parana-encerra-mutirao-de-castracao-com-mais-de-420-animais-atendidos"},"jetpack_featured_media_url":"https:\/\/www.paranapraia.com.br\/wp-content\/uploads\/2025\/09\/FB_IMG_1757092855536.jpg","jetpack_sharing_enabled":true,"_links":{"self":[{"href":"https:\/\/www.paranapraia.com.br\/index.php\/wp-json\/wp\/v2\/posts\/71885"}],"collection":[{"href":"https:\/\/www.paranapraia.com.br\/index.php\/wp-json\/wp\/v2\/posts"}],"about":[{"href":"https:\/\/www.paranapraia.com.br\/index.php\/wp-json\/wp\/v2\/types\/post"}],"author":[{"embeddable":true,"href":"https:\/\/www.paranapraia.com.br\/index.php\/wp-json\/wp\/v2\/users\/2"}],"replies":[{"embeddable":true,"href":"https:\/\/www.paranapraia.com.br\/index.php\/wp-json\/wp\/v2\/comments?post=71885"}],"version-history":[{"count":1,"href":"https:\/\/www.paranapraia.com.br\/index.php\/wp-json\/wp\/v2\/posts\/71885\/revisions"}],"predecessor-version":[{"id":71887,"href":"https:\/\/www.paranapraia.com.br\/index.php\/wp-json\/wp\/v2\/posts\/71885\/revisions\/71887"}],"wp:featuredmedia":[{"embeddable":true,"href":"https:\/\/www.paranapraia.com.br\/index.php\/wp-json\/wp\/v2\/media\/71886"}],"wp:attachment":[{"href":"https:\/\/www.paranapraia.com.br\/index.php\/wp-json\/wp\/v2\/media?parent=71885"}],"wp:term":[{"taxonomy":"category","embeddable":true,"href":"https:\/\/www.paranapraia.com.br\/index.php\/wp-json\/wp\/v2\/categories?post=71885"},{"taxonomy":"post_tag","embeddable":true,"href":"https:\/\/www.paranapraia.com.br\/index.php\/wp-json\/wp\/v2\/tags?post=71885"}],"curies":[{"name":"wp","href":"https:\/\/api.w.org\/{rel}","templated":true}]}}