{"id":7187,"date":"2019-04-18T19:49:53","date_gmt":"2019-04-18T22:49:53","guid":{"rendered":"https:\/\/www.paranapraia.com.br\/?p=7187"},"modified":"2019-04-18T20:07:38","modified_gmt":"2019-04-18T23:07:38","slug":"homem-com-caminhonete-furtada-foge-da-policia-e-atropela-mototaxista-na-ponte-da-amizade","status":"publish","type":"post","link":"https:\/\/www.paranapraia.com.br\/index.php\/2019\/04\/18\/homem-com-caminhonete-furtada-foge-da-policia-e-atropela-mototaxista-na-ponte-da-amizade\/","title":{"rendered":"Homem com caminhonete furtada foge da pol\u00edcia e atropela mototaxista na Ponte da Amizade"},"content":{"rendered":"\n<h4 class=\"wp-block-heading\">Caso ocorreu na manh\u00e3 desta quinta-feira (18), no lado brasileiro da ponte, em Foz do Igua\u00e7u.<\/h4>\n\n\n\n<p>Uma confus\u00e3o deixou os motoristas e pedestres que passavam pela Ponte da Amizade, em Foz do Igua\u00e7u, na regi\u00e3o oeste do Paran\u00e1, assustados na manh\u00e3 desta quinta-feira (18).<\/p>\n\n\n\n<p>Um motorista tentou passar pelo local com uma caminhonete furtada e foi abordada pela Pol\u00edcia Rodovi\u00e1ria Federal (PRF). Ele foi preso e vai responder por recepta\u00e7\u00e3o e les\u00e3o corporal.<\/p>\n\n\n\n<p>Como ele n\u00e3o obedeceu a ordem de parada, os policiais dispararam tiros em dire\u00e7\u00e3o aos pneus do ve\u00edculo. Ao tentar fugir dos policiais, o motorista atingiu quatro carros e um mototaxista que seguia no sentido contr\u00e1rio da ponte.<\/p>\n\n\n\n<p>A v\u00edtima foi encaminhada para uma Unidade de Pronto Atendimento (UPA) e precisou dar 32 pontos na perna. Depois, o mototaxista foi liberado.<\/p>\n\n\n\n<p>O motorista que estava com a caminhonete \u00e9 paraguaio. Ele tentava levar o ve\u00edculo, que tinha sido roubado em Foz do Igua\u00e7u, na ter\u00e7a-feira (16), para Cidade do Leste, no pa\u00eds vizinho.<\/p>\n\n\n\n<p>G1PR<\/p>\n","protected":false},"excerpt":{"rendered":"<p>Caso ocorreu na manh\u00e3 desta quinta-feira (18), no lado brasileiro da ponte, em Foz do Igua\u00e7u. Uma confus\u00e3o deixou os motoristas e pedestres que passavam pela Ponte da Amizade, em Foz do Igua\u00e7u, na regi\u00e3o oeste do Paran\u00e1, assustados na manh\u00e3 desta quinta-feira (18). Um motorista tentou passar pelo local com uma caminhonete furtada e [&hellip;]<\/p>\n","protected":false},"author":2,"featured_media":7188,"comment_status":"open","ping_status":"open","sticky":false,"template":"","format":"standard","meta":{"advanced_seo_description":"","jetpack_seo_html_title":"","jetpack_seo_noindex":false,"_jetpack_memberships_contains_paid_content":false,"footnotes":""},"categories":[33],"tags":[],"class_list":{"0":"post-7187","1":"post","2":"type-post","3":"status-publish","4":"format-standard","5":"has-post-thumbnail","7":"category-policia"},"jetpack_featured_media_url":"https:\/\/www.paranapraia.com.br\/wp-content\/uploads\/2019\/04\/carr-1.jpg","jetpack_sharing_enabled":true,"_links":{"self":[{"href":"https:\/\/www.paranapraia.com.br\/index.php\/wp-json\/wp\/v2\/posts\/7187"}],"collection":[{"href":"https:\/\/www.paranapraia.com.br\/index.php\/wp-json\/wp\/v2\/posts"}],"about":[{"href":"https:\/\/www.paranapraia.com.br\/index.php\/wp-json\/wp\/v2\/types\/post"}],"author":[{"embeddable":true,"href":"https:\/\/www.paranapraia.com.br\/index.php\/wp-json\/wp\/v2\/users\/2"}],"replies":[{"embeddable":true,"href":"https:\/\/www.paranapraia.com.br\/index.php\/wp-json\/wp\/v2\/comments?post=7187"}],"version-history":[{"count":1,"href":"https:\/\/www.paranapraia.com.br\/index.php\/wp-json\/wp\/v2\/posts\/7187\/revisions"}],"predecessor-version":[{"id":7189,"href":"https:\/\/www.paranapraia.com.br\/index.php\/wp-json\/wp\/v2\/posts\/7187\/revisions\/7189"}],"wp:featuredmedia":[{"embeddable":true,"href":"https:\/\/www.paranapraia.com.br\/index.php\/wp-json\/wp\/v2\/media\/7188"}],"wp:attachment":[{"href":"https:\/\/www.paranapraia.com.br\/index.php\/wp-json\/wp\/v2\/media?parent=7187"}],"wp:term":[{"taxonomy":"category","embeddable":true,"href":"https:\/\/www.paranapraia.com.br\/index.php\/wp-json\/wp\/v2\/categories?post=7187"},{"taxonomy":"post_tag","embeddable":true,"href":"https:\/\/www.paranapraia.com.br\/index.php\/wp-json\/wp\/v2\/tags?post=7187"}],"curies":[{"name":"wp","href":"https:\/\/api.w.org\/{rel}","templated":true}]}}