{"id":71863,"date":"2025-09-03T14:57:59","date_gmt":"2025-09-03T17:57:59","guid":{"rendered":"https:\/\/www.paranapraia.com.br\/?p=71863"},"modified":"2025-09-03T14:58:01","modified_gmt":"2025-09-03T17:58:01","slug":"pcpr-prende-homem-por-manter-companheira-em-carcere-privado-por-mais-de-10-anos-em-paranagua","status":"publish","type":"post","link":"https:\/\/www.paranapraia.com.br\/index.php\/2025\/09\/03\/pcpr-prende-homem-por-manter-companheira-em-carcere-privado-por-mais-de-10-anos-em-paranagua\/","title":{"rendered":"PCPR prende homem por manter companheira em c\u00e1rcere privado por mais de 10 anos em Paranagu\u00e1"},"content":{"rendered":"\n<p>A Pol\u00edcia Civil do Paran\u00e1 (PCPR) prendeu em flagrante um homem, de 66 anos, suspeito de manter a pr\u00f3pria companheira, de 36, em c\u00e1rcere privado h\u00e1 mais de dez anos, em Paranagu\u00e1, no Litoral do Estado. A a\u00e7\u00e3o foi realizada nesta ter\u00e7a-feira (2).<\/p>\n\n\n\n<p>A investiga\u00e7\u00e3o teve in\u00edcio ap\u00f3s den\u00fancia da m\u00e3e da v\u00edtima. Familiares relataram n\u00e3o conseguir contato durante todo o per\u00edodo.&nbsp;<\/p>\n\n\n\n<p>De acordo com a delegada da PCPR Maluh\u00e1 Soares, vizinhos confirmaram nunca ter visto a mulher fora da resid\u00eancia, apenas o suspeito, que sa\u00eda diariamente para trabalhar.<\/p>\n\n\n\n<p>\u201cNo local foi constatado que a v\u00edtima permanecia reclusa dentro da casa e apresentava forte temor em sair, em raz\u00e3o de situa\u00e7\u00f5es fantasiosas criadas pelo companheiro, que a convencia de que corria risco de vida caso deixasse a resid\u00eancia\u201d, explica.&nbsp;<\/p>\n\n\n\n<p>O fato foi confirmado pelo pr\u00f3prio companheiro, que afirmou que a v\u00edtima s\u00f3 sa\u00eda de casa se fosse em sua companhia.&nbsp;<\/p>\n\n\n\n<p>Ela demonstrava confus\u00e3o mental e depend\u00eancia psicol\u00f3gica, necessitando de autoriza\u00e7\u00e3o do suspeito at\u00e9 mesmo para atividades b\u00e1sicas.<\/p>\n\n\n\n<p>Durante a a\u00e7\u00e3o, moradores relataram ser a primeira vez que viam a mulher em anos de conviv\u00eancia no bairro.<\/p>\n\n\n\n<p>A v\u00edtima foi encaminhada ao CREAS e posteriormente entregue \u00e0 m\u00e3e, onde dever\u00e1 receber acompanhamento m\u00e9dico e psicol\u00f3gico para recupera\u00e7\u00e3o de sua sa\u00fade.<\/p>\n\n\n\n<p>O homem foi autuado em flagrante por c\u00e1rcere privado qualificado e encaminhado ao sistema penitenci\u00e1rio, permanecendo \u00e0 disposi\u00e7\u00e3o da Justi\u00e7a<\/p>\n\n\n\n<p>DEN\u00daNCIAS \u2013 A PCPR solicita a colabora\u00e7\u00e3o da popula\u00e7\u00e3o com informa\u00e7\u00f5es que auxiliem na elucida\u00e7\u00e3o de crimes. Den\u00fancias podem ser repassadas de forma an\u00f4nima pelos telefones 197, da PCPR ou 181, do Disque-Den\u00fancia.<\/p>\n\n\n\n<p>Em casos de flagrante ou crime em andamento, a Pol\u00edcia Militar deve ser acionada pelo telefone 190.<\/p>\n\n\n\n<p>PCPR<\/p>\n","protected":false},"excerpt":{"rendered":"<p>A Pol\u00edcia Civil do Paran\u00e1 (PCPR) prendeu em flagrante um homem, de 66 anos, suspeito de manter a pr\u00f3pria companheira, de 36, em c\u00e1rcere privado h\u00e1 mais de dez anos, em Paranagu\u00e1, no Litoral do Estado. A a\u00e7\u00e3o foi realizada nesta ter\u00e7a-feira (2). A investiga\u00e7\u00e3o teve in\u00edcio ap\u00f3s den\u00fancia da m\u00e3e da v\u00edtima. Familiares relataram [&hellip;]<\/p>\n","protected":false},"author":2,"featured_media":71864,"comment_status":"open","ping_status":"open","sticky":false,"template":"","format":"standard","meta":{"advanced_seo_description":"","jetpack_seo_html_title":"","jetpack_seo_noindex":false,"_jetpack_memberships_contains_paid_content":false,"footnotes":""},"categories":[40,77,33],"tags":[321,1464],"class_list":{"0":"post-71863","1":"post","2":"type-post","3":"status-publish","4":"format-standard","5":"has-post-thumbnail","7":"category-destaques","8":"category-paranagua","9":"category-policia","10":"tag-paranagua","11":"tag-pcpr-prende-homem-por-manter-companheira-em-carcere-privado-por-mais-de-10-anos-em-paranagua"},"jetpack_featured_media_url":"https:\/\/www.paranapraia.com.br\/wp-content\/uploads\/2025\/09\/WhatsApp-Image-2025-09-03-at-14.57.16.jpeg","jetpack_sharing_enabled":true,"_links":{"self":[{"href":"https:\/\/www.paranapraia.com.br\/index.php\/wp-json\/wp\/v2\/posts\/71863"}],"collection":[{"href":"https:\/\/www.paranapraia.com.br\/index.php\/wp-json\/wp\/v2\/posts"}],"about":[{"href":"https:\/\/www.paranapraia.com.br\/index.php\/wp-json\/wp\/v2\/types\/post"}],"author":[{"embeddable":true,"href":"https:\/\/www.paranapraia.com.br\/index.php\/wp-json\/wp\/v2\/users\/2"}],"replies":[{"embeddable":true,"href":"https:\/\/www.paranapraia.com.br\/index.php\/wp-json\/wp\/v2\/comments?post=71863"}],"version-history":[{"count":1,"href":"https:\/\/www.paranapraia.com.br\/index.php\/wp-json\/wp\/v2\/posts\/71863\/revisions"}],"predecessor-version":[{"id":71865,"href":"https:\/\/www.paranapraia.com.br\/index.php\/wp-json\/wp\/v2\/posts\/71863\/revisions\/71865"}],"wp:featuredmedia":[{"embeddable":true,"href":"https:\/\/www.paranapraia.com.br\/index.php\/wp-json\/wp\/v2\/media\/71864"}],"wp:attachment":[{"href":"https:\/\/www.paranapraia.com.br\/index.php\/wp-json\/wp\/v2\/media?parent=71863"}],"wp:term":[{"taxonomy":"category","embeddable":true,"href":"https:\/\/www.paranapraia.com.br\/index.php\/wp-json\/wp\/v2\/categories?post=71863"},{"taxonomy":"post_tag","embeddable":true,"href":"https:\/\/www.paranapraia.com.br\/index.php\/wp-json\/wp\/v2\/tags?post=71863"}],"curies":[{"name":"wp","href":"https:\/\/api.w.org\/{rel}","templated":true}]}}