{"id":71854,"date":"2025-09-02T11:51:55","date_gmt":"2025-09-02T14:51:55","guid":{"rendered":"https:\/\/www.paranapraia.com.br\/?p=71854"},"modified":"2025-09-02T11:51:58","modified_gmt":"2025-09-02T14:51:58","slug":"prefeitura-acompanha-medidas-do-tcp-para-evitar-congestionamentos-nas-vias-de-acesso-ao-porto","status":"publish","type":"post","link":"https:\/\/www.paranapraia.com.br\/index.php\/2025\/09\/02\/prefeitura-acompanha-medidas-do-tcp-para-evitar-congestionamentos-nas-vias-de-acesso-ao-porto\/","title":{"rendered":"Prefeitura acompanha medidas do TCP para evitar congestionamentos nas vias de acesso ao porto"},"content":{"rendered":"\n<p>A Prefeitura de Paranagu\u00e1, por meio da Secretaria Municipal de Expans\u00e3o Industrial e Portu\u00e1ria (Semexport), participou de reuni\u00e3o com o Terminal de Cont\u00eaineres de Paranagu\u00e1 (TCP) na quinta-feira, 28, para tratar de medidas de conting\u00eancia voltadas \u00e0 redu\u00e7\u00e3o dos impactos vi\u00e1rios causados por situa\u00e7\u00f5es emergenciais na opera\u00e7\u00e3o do terminal.<\/p>\n\n\n\n<p>De acordo com o secret\u00e1rio Luiz Augusto Pellegrini de Carvalho, o encontro teve como objetivo solicitar ao TCP um plano de a\u00e7\u00e3o para enfrentar epis\u00f3dios de congestionamento provocados por falhas operacionais. \u201cSitua\u00e7\u00f5es como a registrada h\u00e1 duas semanas, que resultou em um forte congestionamento na cidade, exigem alternativas imediatas para evitar filas de caminh\u00f5es e transtornos \u00e0 popula\u00e7\u00e3o. O TCP apresentou propostas que consideramos fact\u00edveis e j\u00e1 trabalha em conjunto com a Prefeitura de Paranagu\u00e1 para estrutur\u00e1-las\u201d, explicou.<\/p>\n\n\n\n<p><strong>\u00c1rea de conting\u00eancia<\/strong><\/p>\n\n\n\n<p>Uma das solu\u00e7\u00f5es em estudo, segundo a pasta, \u00e9 a utiliza\u00e7\u00e3o de uma \u00e1rea pr\u00f3xima ao terminal que poderia funcionar como espa\u00e7o de conting\u00eancia para o estacionamento de caminh\u00f5es em momentos cr\u00edticos. Outra medida em avalia\u00e7\u00e3o \u00e9 a utiliza\u00e7\u00e3o de uma via alternativa \u00e0 Avenida Coronel Jos\u00e9 Lobo para o acesso de caminh\u00f5es, com o objetivo de aliviar o fluxo e reduzir a sobrecarga na principal rota. \u201cN\u00f3s pedimos que o TCP comece a direcionar o tr\u00e1fego por essa rota, reduzindo a depend\u00eancia da Jos\u00e9 Lobo e melhorando a fluidez no entorno\u201d, afirmou.<\/p>\n\n\n\n<p><strong>Papel da Prefeitura de Paranagu\u00e1<\/strong><\/p>\n\n\n\n<p>A Prefeitura de Paranagu\u00e1 tamb\u00e9m ter\u00e1 participa\u00e7\u00e3o no processo, especialmente no desbloqueio de trechos de via, que atualmente est\u00e3o ocupados por equipamentos. \u201cJ\u00e1 estamos tratando desse ponto com a Secretaria de Urbanismo para liberar a passagem e apoiar as medidas de organiza\u00e7\u00e3o do tr\u00e2nsito. Nosso papel \u00e9 dar suporte e cobrar solu\u00e7\u00f5es que minimizem os impactos para a popula\u00e7\u00e3o\u201d, completou Luiz Augusto Pellegrini de Carvalho.<\/p>\n\n\n\n<p>O secret\u00e1rio destacou que o TCP j\u00e1 est\u00e1 se preparando para que, em situa\u00e7\u00f5es de imprevistos, os caminh\u00f5es possam ser direcionados a \u00e1reas apropriadas, evitando a perman\u00eancia nas vias p\u00fablicas e reduzindo transtornos ao tr\u00e1fego urbano.<\/p>\n\n\n\n<p>Tamb\u00e9m participaram da reuni\u00e3o o diretor de Portos da Semexport, Jo\u00e3o Maria Martins, o supervisor institucional do TCP, Octavio Eliot Silva e Souza, e o gerente institucional e jur\u00eddico do terminal, Rafael Stein Santos.<\/p>\n\n\n\n<p>Assessoria<\/p>\n","protected":false},"excerpt":{"rendered":"<p>A Prefeitura de Paranagu\u00e1, por meio da Secretaria Municipal de Expans\u00e3o Industrial e Portu\u00e1ria (Semexport), participou de reuni\u00e3o com o Terminal de Cont\u00eaineres de Paranagu\u00e1 (TCP) na quinta-feira, 28, para tratar de medidas de conting\u00eancia voltadas \u00e0 redu\u00e7\u00e3o dos impactos vi\u00e1rios causados por situa\u00e7\u00f5es emergenciais na opera\u00e7\u00e3o do terminal. De acordo com o secret\u00e1rio Luiz [&hellip;]<\/p>\n","protected":false},"author":2,"featured_media":71855,"comment_status":"open","ping_status":"open","sticky":false,"template":"","format":"standard","meta":{"advanced_seo_description":"","jetpack_seo_html_title":"","jetpack_seo_noindex":false,"_jetpack_memberships_contains_paid_content":false,"footnotes":""},"categories":[77],"tags":[],"class_list":{"0":"post-71854","1":"post","2":"type-post","3":"status-publish","4":"format-standard","5":"has-post-thumbnail","7":"category-paranagua"},"jetpack_featured_media_url":"https:\/\/www.paranapraia.com.br\/wp-content\/uploads\/2025\/09\/thumb-12.jpeg","jetpack_sharing_enabled":true,"_links":{"self":[{"href":"https:\/\/www.paranapraia.com.br\/index.php\/wp-json\/wp\/v2\/posts\/71854"}],"collection":[{"href":"https:\/\/www.paranapraia.com.br\/index.php\/wp-json\/wp\/v2\/posts"}],"about":[{"href":"https:\/\/www.paranapraia.com.br\/index.php\/wp-json\/wp\/v2\/types\/post"}],"author":[{"embeddable":true,"href":"https:\/\/www.paranapraia.com.br\/index.php\/wp-json\/wp\/v2\/users\/2"}],"replies":[{"embeddable":true,"href":"https:\/\/www.paranapraia.com.br\/index.php\/wp-json\/wp\/v2\/comments?post=71854"}],"version-history":[{"count":1,"href":"https:\/\/www.paranapraia.com.br\/index.php\/wp-json\/wp\/v2\/posts\/71854\/revisions"}],"predecessor-version":[{"id":71856,"href":"https:\/\/www.paranapraia.com.br\/index.php\/wp-json\/wp\/v2\/posts\/71854\/revisions\/71856"}],"wp:featuredmedia":[{"embeddable":true,"href":"https:\/\/www.paranapraia.com.br\/index.php\/wp-json\/wp\/v2\/media\/71855"}],"wp:attachment":[{"href":"https:\/\/www.paranapraia.com.br\/index.php\/wp-json\/wp\/v2\/media?parent=71854"}],"wp:term":[{"taxonomy":"category","embeddable":true,"href":"https:\/\/www.paranapraia.com.br\/index.php\/wp-json\/wp\/v2\/categories?post=71854"},{"taxonomy":"post_tag","embeddable":true,"href":"https:\/\/www.paranapraia.com.br\/index.php\/wp-json\/wp\/v2\/tags?post=71854"}],"curies":[{"name":"wp","href":"https:\/\/api.w.org\/{rel}","templated":true}]}}