{"id":71851,"date":"2025-09-02T11:11:35","date_gmt":"2025-09-02T14:11:35","guid":{"rendered":"https:\/\/www.paranapraia.com.br\/?p=71851"},"modified":"2025-09-02T11:11:37","modified_gmt":"2025-09-02T14:11:37","slug":"prefeitura-de-paranagua-dialoga-com-sanepar-sobre-saneamento-basico","status":"publish","type":"post","link":"https:\/\/www.paranapraia.com.br\/index.php\/2025\/09\/02\/prefeitura-de-paranagua-dialoga-com-sanepar-sobre-saneamento-basico\/","title":{"rendered":"Prefeitura de Paranagu\u00e1 dialoga com Sanepar sobre saneamento b\u00e1sico"},"content":{"rendered":"\n<p>O prefeito de Paranagu\u00e1, Adriano Ramos, esteve em Curitiba nesta segunda-feira (1\u00ba), em reuni\u00e3o com o presidente da Sanepar (Companhia de Saneamento do Paran\u00e1), Wilson Bley, membros da diretoria da companhia e o superintendente-geral de Rela\u00e7\u00f5es Institucionais do Governo do Paran\u00e1, Renato Adur. O encontro teve como pauta assuntos estrat\u00e9gicos relacionados ao saneamento b\u00e1sico e contou tamb\u00e9m com a presen\u00e7a do secret\u00e1rio municipal de Governo, Thiago Campos, e da secret\u00e1ria municipal de Fiscaliza\u00e7\u00e3o das Concess\u00f5es e Contratos, Isabele Gon\u00e7alves Figueira.<\/p>\n\n\n\n<p>Segundo o prefeito Adriano Ramos, a reuni\u00e3o foi um passo importante dentro das tratativas que est\u00e3o sendo conduzidas pela Administra\u00e7\u00e3o Municipal. \u201cNosso objetivo \u00e9 fortalecer o di\u00e1logo com o Governo do Estado e com a Sanepar, para avan\u00e7armos em melhorias que beneficiem diretamente a popula\u00e7\u00e3o de Paranagu\u00e1. Essa \u00e9 uma agenda que estamos acompanhando de perto e que deve trazer resultados importantes para o munic\u00edpio\u201d, destacou o prefeito.<\/p>\n\n\n\n<p>A Prefeitura de Paranagu\u00e1 seguir\u00e1 acompanhando os encaminhamentos e desdobramentos das conversas junto \u00e0 companhia e ao Governo do Estado.<\/p>\n\n\n\n<p>Assessoria<\/p>\n","protected":false},"excerpt":{"rendered":"<p>O prefeito de Paranagu\u00e1, Adriano Ramos, esteve em Curitiba nesta segunda-feira (1\u00ba), em reuni\u00e3o com o presidente da Sanepar (Companhia de Saneamento do Paran\u00e1), Wilson Bley, membros da diretoria da companhia e o superintendente-geral de Rela\u00e7\u00f5es Institucionais do Governo do Paran\u00e1, Renato Adur. O encontro teve como pauta assuntos estrat\u00e9gicos relacionados ao saneamento b\u00e1sico e [&hellip;]<\/p>\n","protected":false},"author":2,"featured_media":71852,"comment_status":"open","ping_status":"open","sticky":false,"template":"","format":"standard","meta":{"advanced_seo_description":"","jetpack_seo_html_title":"","jetpack_seo_noindex":false,"_jetpack_memberships_contains_paid_content":false,"footnotes":""},"categories":[77],"tags":[321,1463],"class_list":{"0":"post-71851","1":"post","2":"type-post","3":"status-publish","4":"format-standard","5":"has-post-thumbnail","7":"category-paranagua","8":"tag-paranagua","9":"tag-prefeitura-de-paranagua-dialoga-com-sanepar-sobre-saneamento-basico"},"jetpack_featured_media_url":"https:\/\/www.paranapraia.com.br\/wp-content\/uploads\/2025\/09\/thumb-11.jpeg","jetpack_sharing_enabled":true,"_links":{"self":[{"href":"https:\/\/www.paranapraia.com.br\/index.php\/wp-json\/wp\/v2\/posts\/71851"}],"collection":[{"href":"https:\/\/www.paranapraia.com.br\/index.php\/wp-json\/wp\/v2\/posts"}],"about":[{"href":"https:\/\/www.paranapraia.com.br\/index.php\/wp-json\/wp\/v2\/types\/post"}],"author":[{"embeddable":true,"href":"https:\/\/www.paranapraia.com.br\/index.php\/wp-json\/wp\/v2\/users\/2"}],"replies":[{"embeddable":true,"href":"https:\/\/www.paranapraia.com.br\/index.php\/wp-json\/wp\/v2\/comments?post=71851"}],"version-history":[{"count":1,"href":"https:\/\/www.paranapraia.com.br\/index.php\/wp-json\/wp\/v2\/posts\/71851\/revisions"}],"predecessor-version":[{"id":71853,"href":"https:\/\/www.paranapraia.com.br\/index.php\/wp-json\/wp\/v2\/posts\/71851\/revisions\/71853"}],"wp:featuredmedia":[{"embeddable":true,"href":"https:\/\/www.paranapraia.com.br\/index.php\/wp-json\/wp\/v2\/media\/71852"}],"wp:attachment":[{"href":"https:\/\/www.paranapraia.com.br\/index.php\/wp-json\/wp\/v2\/media?parent=71851"}],"wp:term":[{"taxonomy":"category","embeddable":true,"href":"https:\/\/www.paranapraia.com.br\/index.php\/wp-json\/wp\/v2\/categories?post=71851"},{"taxonomy":"post_tag","embeddable":true,"href":"https:\/\/www.paranapraia.com.br\/index.php\/wp-json\/wp\/v2\/tags?post=71851"}],"curies":[{"name":"wp","href":"https:\/\/api.w.org\/{rel}","templated":true}]}}