{"id":71845,"date":"2025-09-02T10:32:41","date_gmt":"2025-09-02T13:32:41","guid":{"rendered":"https:\/\/www.paranapraia.com.br\/?p=71845"},"modified":"2025-09-02T10:32:43","modified_gmt":"2025-09-02T13:32:43","slug":"governo-envia-a-assembleia-projeto-de-lei-para-tornar-ipva-do-parana-o-mais-barato-do-brasil","status":"publish","type":"post","link":"https:\/\/www.paranapraia.com.br\/index.php\/2025\/09\/02\/governo-envia-a-assembleia-projeto-de-lei-para-tornar-ipva-do-parana-o-mais-barato-do-brasil\/","title":{"rendered":"Governo envia \u00e0 Assembleia projeto de lei para tornar IPVA do Paran\u00e1 o mais barato do Brasil"},"content":{"rendered":"\n<p>O Governo do Estado encaminha nesta segunda-feira (1\u00ba) \u00e0 Assembleia Legislativa do Paran\u00e1 (Alep) o\u00a0projeto de lei\u00a0que reduz em 45% o Imposto sobre Propriedade de Ve\u00edculos Automotores (IPVA) para a maior parte da frota paranaense. A proposta \u00e9 alterar, j\u00e1 para janeiro de 2026, a al\u00edquota dos atuais 3,5% do valor venal dos ve\u00edculos para 1,9% \u2013 a menor tarifa do Brasil.<\/p>\n\n\n\n<p>A redu\u00e7\u00e3o foi\u00a0anunciada pelo governador Carlos Massa Ratinho Junior\u00a0em agosto\u00a0e beneficia cerca de 3,4 milh\u00f5es de propriet\u00e1rios de ve\u00edculos entre autom\u00f3veis, caminhonetes e motocicletas acima de 170 cilindradas. Segundo dados da Secretaria de Estado da Fazenda (Sefa), isso representa cerca de 83% de toda a frota de 4,1 milh\u00f5es de ve\u00edculos tributados no Paran\u00e1.<\/p>\n\n\n\n<p>Segundo Ratinho Junior, a proposta faz parte das a\u00e7\u00f5es de justi\u00e7a tribut\u00e1ria adotadas pelo Estado diante do bom momento da economia paranaense. &#8220;\u00c9 mais uma medida dentro do nosso compromisso com redu\u00e7\u00e3o de impostos e da m\u00e1quina p\u00fablica. Cortamos mordomias, incrementamos os investimentos p\u00fablicos e agora chegamos no momento desse grande an\u00fancio que vai beneficiar todos os paranaenses\u201d, destaca o governador.<\/p>\n\n\n\n<p>De acordo com o projeto de lei,&nbsp;&#8220;a redu\u00e7\u00e3o da carga tribut\u00e1ria proporcionar\u00e1 al\u00edvio financeiro \u00e0s fam\u00edlias paranaenses, gerando benef\u00edcios diretamente ao cidad\u00e3o, como a amplia\u00e7\u00e3o de sua capacidade de consumo e o incentivo \u00e0 regulariza\u00e7\u00e3o de impostos, e, consequentemente, estimular\u00e1 a atividade econ\u00f4mica em diversos setores comerciais e industrias do Estado&#8221;.<\/p>\n\n\n\n<p>Para o secret\u00e1rio da Fazenda, Norberto Ortigara, a proposta representa n\u00e3o apenas uma economia para as fam\u00edlias, mas tamb\u00e9m um aumento do consumo em todos os 399 munic\u00edpios do Paran\u00e1. \u201c\u00c9 dinheiro no bolso que impulsiona o consumo e movimenta a economia como um todo\u201d, diz. \u201cTivemos uma experi\u00eancia bastante positiva no ano passado, com a isen\u00e7\u00e3o do IPVA de motocicletas, que trouxe mais qualidade de vida para os paranaenses sem impactar a arrecada\u00e7\u00e3o do Estado&#8221;.<\/p>\n\n\n\n<p>De acordo com a proposta, haver\u00e1 compensa\u00e7\u00f5es para garantir a arrecada\u00e7\u00e3o, como o aumento da multa por atraso dos atuais 10% para 20%. Al\u00e9m disso, a al\u00edquota de 1,9% tamb\u00e9m deve diminuir a inadimpl\u00eancia e ainda repatriar ve\u00edculos paranaenses que hoje est\u00e3o emplacados em outros estados.<\/p>\n\n\n\n<p>Conforme declara\u00e7\u00e3o de adequa\u00e7\u00e3o de ren\u00fancia de receita emitida pela Receita Estadual, as altera\u00e7\u00f5es propostas, todas de regramento de car\u00e1ter geral, n\u00e3o gerar\u00e3o impacto na arrecada\u00e7\u00e3o deste ano, mas apenas em 2026, quando ser\u00e3o devidamente contempladas na estimativa de receita e na fixa\u00e7\u00e3o das metas de resultados fiscais das leis or\u00e7ament\u00e1rias do referido exerc\u00edcio, de acordo com o determinado na Lei Complementar Federal n\u00ba 101\/2000.<\/p>\n\n\n\n<p>O projeto agora ser\u00e1 analisado pela Comiss\u00e3o de Constitui\u00e7\u00e3o de Justi\u00e7a da Assembleia, al\u00e9m de outras comiss\u00f5es tem\u00e1ticas, antes de ser votado no plen\u00e1rio da Casa. A expectativa \u00e9 de que o texto seja aprovado ainda em 2025 para que a isen\u00e7\u00e3o comece o ano j\u00e1 em vigor.<\/p>\n\n\n\n<p><strong>CALCULADORA\u00a0<\/strong>\u2013 O Governo do Estado tamb\u00e9m\u00a0disponibilizou recentemente uma ferramenta\u00a0para os contribuintes entenderem o tamanho da redu\u00e7\u00e3o no bolso. A calculadora permite simular de forma simplificada o valor do pr\u00f3ximo IPVA, se a medida entrar em vigor.<\/p>\n\n\n\n<p>AEN<\/p>\n","protected":false},"excerpt":{"rendered":"<p>O Governo do Estado encaminha nesta segunda-feira (1\u00ba) \u00e0 Assembleia Legislativa do Paran\u00e1 (Alep) o\u00a0projeto de lei\u00a0que reduz em 45% o Imposto sobre Propriedade de Ve\u00edculos Automotores (IPVA) para a maior parte da frota paranaense. A proposta \u00e9 alterar, j\u00e1 para janeiro de 2026, a al\u00edquota dos atuais 3,5% do valor venal dos ve\u00edculos para [&hellip;]<\/p>\n","protected":false},"author":2,"featured_media":71846,"comment_status":"open","ping_status":"open","sticky":false,"template":"","format":"standard","meta":{"advanced_seo_description":"","jetpack_seo_html_title":"","jetpack_seo_noindex":false,"_jetpack_memberships_contains_paid_content":false,"footnotes":""},"categories":[40],"tags":[1462,319],"class_list":{"0":"post-71845","1":"post","2":"type-post","3":"status-publish","4":"format-standard","5":"has-post-thumbnail","7":"category-destaques","8":"tag-ipva-do-parana-o-mais-barato-do-brasil","9":"tag-parana"},"jetpack_featured_media_url":"https:\/\/www.paranapraia.com.br\/wp-content\/uploads\/2025\/09\/whatsapp_image_2025-08-20_at_08.38.46.jpg","jetpack_sharing_enabled":true,"_links":{"self":[{"href":"https:\/\/www.paranapraia.com.br\/index.php\/wp-json\/wp\/v2\/posts\/71845"}],"collection":[{"href":"https:\/\/www.paranapraia.com.br\/index.php\/wp-json\/wp\/v2\/posts"}],"about":[{"href":"https:\/\/www.paranapraia.com.br\/index.php\/wp-json\/wp\/v2\/types\/post"}],"author":[{"embeddable":true,"href":"https:\/\/www.paranapraia.com.br\/index.php\/wp-json\/wp\/v2\/users\/2"}],"replies":[{"embeddable":true,"href":"https:\/\/www.paranapraia.com.br\/index.php\/wp-json\/wp\/v2\/comments?post=71845"}],"version-history":[{"count":1,"href":"https:\/\/www.paranapraia.com.br\/index.php\/wp-json\/wp\/v2\/posts\/71845\/revisions"}],"predecessor-version":[{"id":71847,"href":"https:\/\/www.paranapraia.com.br\/index.php\/wp-json\/wp\/v2\/posts\/71845\/revisions\/71847"}],"wp:featuredmedia":[{"embeddable":true,"href":"https:\/\/www.paranapraia.com.br\/index.php\/wp-json\/wp\/v2\/media\/71846"}],"wp:attachment":[{"href":"https:\/\/www.paranapraia.com.br\/index.php\/wp-json\/wp\/v2\/media?parent=71845"}],"wp:term":[{"taxonomy":"category","embeddable":true,"href":"https:\/\/www.paranapraia.com.br\/index.php\/wp-json\/wp\/v2\/categories?post=71845"},{"taxonomy":"post_tag","embeddable":true,"href":"https:\/\/www.paranapraia.com.br\/index.php\/wp-json\/wp\/v2\/tags?post=71845"}],"curies":[{"name":"wp","href":"https:\/\/api.w.org\/{rel}","templated":true}]}}