{"id":71842,"date":"2025-09-02T10:28:02","date_gmt":"2025-09-02T13:28:02","guid":{"rendered":"https:\/\/www.paranapraia.com.br\/?p=71842"},"modified":"2025-09-02T10:28:05","modified_gmt":"2025-09-02T13:28:05","slug":"contagem-regressiva-inscricoes-estao-abertas-para-o-ultimo-lote-da-xviii-corrida-da-pcpr","status":"publish","type":"post","link":"https:\/\/www.paranapraia.com.br\/index.php\/2025\/09\/02\/contagem-regressiva-inscricoes-estao-abertas-para-o-ultimo-lote-da-xviii-corrida-da-pcpr\/","title":{"rendered":"Contagem regressiva: inscri\u00e7\u00f5es est\u00e3o abertas para o \u00faltimo lote da XVIII Corrida da PCPR"},"content":{"rendered":"\n<p>A contagem regressiva j\u00e1 come\u00e7ou e a expectativa cresce para a XVIII edi\u00e7\u00e3o da Corrida da Pol\u00edcia Civil do Paran\u00e1 (PCPR). Marcado para o dia 28 de setembro, em Curitiba, o evento j\u00e1 \u00e9 considerado um dos mais tradicionais e esperados do calend\u00e1rio esportivo da capital paranaense. Agora, os corredores t\u00eam uma \u00faltima oportunidade: as inscri\u00e7\u00f5es est\u00e3o no \u00faltimo lote.<\/p>\n\n\n\n<p>Mais do que uma prova de rua, a Corrida da PCPR se consolidou como um encontro que alia esporte, cidadania, solidariedade e conscientiza\u00e7\u00e3o ambiental. Com percursos de 5 km e 10 km, o evento busca envolver toda a comunidade, desde atletas experientes at\u00e9 fam\u00edlias que desejam participar de forma mais leve e descontra\u00edda.<\/p>\n\n\n\n<p><strong>NOVIDADE<\/strong>&nbsp;\u2013 Entre os grandes destaques de 2025 est\u00e1 a C\u00e3ominhada, atividade in\u00e9dita que promete encantar o p\u00fablico. Trata-se de uma caminhada de um quil\u00f4metro especialmente pensada para tutores e seus c\u00e3es de pequeno e m\u00e9dio porte. A C\u00e3ominhada, al\u00e9m de proporcionar divers\u00e3o, simboliza o compromisso da PCPR com causas sociais e de prote\u00e7\u00e3o animal.<\/p>\n\n\n\n<p><strong>EVENTO SOLID\u00c1RIO<\/strong>&nbsp;\u2013 Outro ponto que torna esta edi\u00e7\u00e3o hist\u00f3rica \u00e9 o car\u00e1ter solid\u00e1rio da corrida. Todo o lucro arrecadado com as inscri\u00e7\u00f5es ser\u00e1 revertido em ra\u00e7\u00e3o para institui\u00e7\u00f5es que acolhem animais resgatados em opera\u00e7\u00f5es da PCPR, fortalecendo o apoio a entidades que desempenham papel fundamental no cuidado e na prote\u00e7\u00e3o de c\u00e3es e gatos em situa\u00e7\u00e3o de vulnerabilidade.<\/p>\n\n\n\n<p><strong>CORRIDA HIST\u00d3RICA<\/strong>&nbsp;\u2013 Al\u00e9m das novidades, os participantes podem esperar toda a estrutura j\u00e1 consolidada da Corrida da Pol\u00edcia Civil. Em comemora\u00e7\u00e3o aos 172 anos da Institui\u00e7\u00e3o, que \u00e9 celebrado no mesmo dia da corrida, o evento contar\u00e1 com uma estrutura para receber toda a popula\u00e7\u00e3o, com exposi\u00e7\u00e3o de ve\u00edculos, distribui\u00e7\u00e3o de mudas de \u00e1rvores, al\u00e9m de orienta\u00e7\u00f5es ofertadas por policiais sobre a tem\u00e1tica do meio ambiente.<\/p>\n\n\n\n<p>A XVIII edi\u00e7\u00e3o \u00e9 um marco de aproxima\u00e7\u00e3o entre a Pol\u00edcia Civil e a sociedade, promovendo valores como dedica\u00e7\u00e3o, solidariedade e respeito ao meio ambiente.<\/p>\n\n\n\n<p><strong>INSCRI\u00c7\u00d5ES<\/strong>&nbsp;\u2013 Os participantes devem se inscrever no site da empresa organizadora.&nbsp;Acesse&nbsp;<strong><a href=\"https:\/\/www.ticketsports.com.br\/e\/XVIII+CORRIDA+DA+POL%C3%8DCIA+CIVIL+DO+PAR%20AN%C3%81-72692?tk_TA_14=OUlXeTd3QXdCbjNNY2tDRlg0ekhDdmlWQ0g5YjZwWGxm%20OHNLWlhmSGhzb3JuMERzUU90SVF3JTNkJTNk0\" target=\"_blank\" rel=\"noreferrer noopener\">AQUI<\/a><\/strong>. Cada inscrito receber\u00e1 um kit contendo medalha, chip de cronometragem, n\u00famero de peito, alfinetes e sacola de papel recicl\u00e1vel. J\u00e1 na c\u00e3ominhada, cada inscrito receber\u00e1 um kit pet incluindo bandana e comedouro na tem\u00e1tica da corrida.<\/p>\n\n\n\n<p>A camiseta do evento pode ser adquirida separadamente durante o processo de inscri\u00e7\u00e3o. D\u00favidas sobre o evento podem ser encaminhadas para o e-mail:&nbsp;<strong>corridadapcpr@pc.pr.gov.br<\/strong>.&nbsp;<\/p>\n\n\n\n<p>AEN<\/p>\n","protected":false},"excerpt":{"rendered":"<p>A contagem regressiva j\u00e1 come\u00e7ou e a expectativa cresce para a XVIII edi\u00e7\u00e3o da Corrida da Pol\u00edcia Civil do Paran\u00e1 (PCPR). Marcado para o dia 28 de setembro, em Curitiba, o evento j\u00e1 \u00e9 considerado um dos mais tradicionais e esperados do calend\u00e1rio esportivo da capital paranaense. Agora, os corredores t\u00eam uma \u00faltima oportunidade: as [&hellip;]<\/p>\n","protected":false},"author":2,"featured_media":71843,"comment_status":"open","ping_status":"open","sticky":false,"template":"","format":"standard","meta":{"advanced_seo_description":"","jetpack_seo_html_title":"","jetpack_seo_noindex":false,"_jetpack_memberships_contains_paid_content":false,"footnotes":""},"categories":[40,33],"tags":[],"class_list":{"0":"post-71842","1":"post","2":"type-post","3":"status-publish","4":"format-standard","5":"has-post-thumbnail","7":"category-destaques","8":"category-policia"},"jetpack_featured_media_url":"https:\/\/www.paranapraia.com.br\/wp-content\/uploads\/2025\/09\/corridapcpr1-scaled.jpg","jetpack_sharing_enabled":true,"_links":{"self":[{"href":"https:\/\/www.paranapraia.com.br\/index.php\/wp-json\/wp\/v2\/posts\/71842"}],"collection":[{"href":"https:\/\/www.paranapraia.com.br\/index.php\/wp-json\/wp\/v2\/posts"}],"about":[{"href":"https:\/\/www.paranapraia.com.br\/index.php\/wp-json\/wp\/v2\/types\/post"}],"author":[{"embeddable":true,"href":"https:\/\/www.paranapraia.com.br\/index.php\/wp-json\/wp\/v2\/users\/2"}],"replies":[{"embeddable":true,"href":"https:\/\/www.paranapraia.com.br\/index.php\/wp-json\/wp\/v2\/comments?post=71842"}],"version-history":[{"count":1,"href":"https:\/\/www.paranapraia.com.br\/index.php\/wp-json\/wp\/v2\/posts\/71842\/revisions"}],"predecessor-version":[{"id":71844,"href":"https:\/\/www.paranapraia.com.br\/index.php\/wp-json\/wp\/v2\/posts\/71842\/revisions\/71844"}],"wp:featuredmedia":[{"embeddable":true,"href":"https:\/\/www.paranapraia.com.br\/index.php\/wp-json\/wp\/v2\/media\/71843"}],"wp:attachment":[{"href":"https:\/\/www.paranapraia.com.br\/index.php\/wp-json\/wp\/v2\/media?parent=71842"}],"wp:term":[{"taxonomy":"category","embeddable":true,"href":"https:\/\/www.paranapraia.com.br\/index.php\/wp-json\/wp\/v2\/categories?post=71842"},{"taxonomy":"post_tag","embeddable":true,"href":"https:\/\/www.paranapraia.com.br\/index.php\/wp-json\/wp\/v2\/tags?post=71842"}],"curies":[{"name":"wp","href":"https:\/\/api.w.org\/{rel}","templated":true}]}}