{"id":71839,"date":"2025-09-02T10:23:27","date_gmt":"2025-09-02T13:23:27","guid":{"rendered":"https:\/\/www.paranapraia.com.br\/?p=71839"},"modified":"2025-09-02T10:23:29","modified_gmt":"2025-09-02T13:23:29","slug":"projeto-ubs-sobre-rodas-de-paranagua-e-aprovado-para-apresentacao-em-congresso-nacional-sobre-o-sus","status":"publish","type":"post","link":"https:\/\/www.paranapraia.com.br\/index.php\/2025\/09\/02\/projeto-ubs-sobre-rodas-de-paranagua-e-aprovado-para-apresentacao-em-congresso-nacional-sobre-o-sus\/","title":{"rendered":"Projeto \u201cUBS Sobre Rodas\u201d de Paranagu\u00e1 \u00e9 aprovado para apresenta\u00e7\u00e3o em Congresso Nacional sobre o SUS"},"content":{"rendered":"\n<p>A Secretaria Municipal de Sa\u00fade de Paranagu\u00e1 (Semsa) conquistou mais um reconhecimento em n\u00edvel nacional. O projeto \u201cSa\u00fade Itinerante \u2013 UBS Sobre Rodas: levando cuidado \u00e0s comunidades rurais\u201d, desenvolvido pela equipe da Unidade B\u00e1sica de Sa\u00fade (UBS) Elias Borges, em Alexandra, foi aprovado para apresenta\u00e7\u00e3o no III Congresso Nacional sobre o SUS: Desafios e Perspectivas (CONASUS), que acontece de 6 a 9 de outubro de 2025, de forma on-line.<\/p>\n\n\n\n<p>A secret\u00e1ria municipal de Sa\u00fade, Patr\u00edcia Scacalossi, ressaltou a relev\u00e2ncia da conquista para o munic\u00edpio. \u201cEsse \u00e9 mais um projeto da Semsa que ser\u00e1 apresentado em n\u00edvel nacional, consolidando nosso compromisso com a sa\u00fade p\u00fablica. J\u00e1 s\u00e3o tr\u00eas iniciativas da nossa gest\u00e3o que ganharam visibilidade em todo o pa\u00eds: Rem\u00e9dio em Casa, Cegonha: do Ventre ao Colo e agora o Sa\u00fade Itinerante \u2013 UBS sobre rodas. Orgulho de fazer parte desse trabalho\u201d, afirmou.<\/p>\n\n\n\n<p>Ela destacou ainda, que a proje\u00e7\u00e3o nacional amplia o reconhecimento de Paranagu\u00e1 e fortalece o di\u00e1logo com o Minist\u00e9rio da Sa\u00fade. \u201cEssa visibilidade nos permite mostrar pol\u00edticas p\u00fablicas que d\u00e3o resultado e, com isso, ampliar as possibilidades de conquistar novos recursos para desenvolver ainda mais a\u00e7\u00f5es em benef\u00edcio da popula\u00e7\u00e3o\u201d, acrescentou.<\/p>\n\n\n\n<p><strong>Cuidado itinerante para popula\u00e7\u00f5es distantes<\/strong><\/p>\n\n\n\n<p>O supervisor de equipe da UBS Elias Borges, Jean Michel Zela Objawa, explicou que o projeto nasceu da necessidade de alcan\u00e7ar popula\u00e7\u00f5es que vivem em \u00e1reas mais afastadas e enfrentam dificuldades para comparecer \u00e0 unidade de sa\u00fade. \u201cO projeto surgiu da necessidade de atender a popula\u00e7\u00e3o que vive mais distante da UBS. Nos levantamentos que realizamos, identificamos que muitos moradores dessas \u00e1reas deixavam de comparecer \u00e0s consultas justamente pela dificuldade de deslocamento. Em alguns casos, at\u00e9 o mau tempo se tornava um obst\u00e1culo. Diante disso, decidimos levar a unidade de sa\u00fade at\u00e9 essas comunidades, aproximando os servi\u00e7os de sa\u00fade de quem mais precisa\u201d, disse.<\/p>\n\n\n\n<p>Segundo ele, o projeto levar\u00e1 praticamente todos os servi\u00e7os oferecidos pela unidade: consultas m\u00e9dicas e de enfermagem, vacina\u00e7\u00e3o, aferi\u00e7\u00e3o de sinais vitais, coleta de preventivo, testes r\u00e1pidos, atendimento odontol\u00f3gico, al\u00e9m do trabalho dos agentes comunit\u00e1rios de sa\u00fade com orienta\u00e7\u00e3o e cadastros.&nbsp;<br>Al\u00e9m disso, haver\u00e1 a\u00e7\u00f5es educativas, especialmente em escolas pr\u00f3ximas aos pontos atendidos, com foco em preven\u00e7\u00e3o e sa\u00fade bucal.<\/p>\n\n\n\n<p>Os primeiros locais programados para receber o \u201cUBS Sobre Rodas\u201d em Alexandra s\u00e3o Morro Ingl\u00eas, Ribeir\u00e3o, Rio das Pedras e Col\u00f4nia Taunay, ainda no m\u00eas de setembro.<\/p>\n\n\n\n<p><strong>Um espa\u00e7o de troca e fortalecimento do SUS<\/strong><\/p>\n\n\n\n<p>O III CONASUS \u00e9 promovido pela Sociedade Brasileira de Eventos Cient\u00edficos (SOBREC) e reunir\u00e1 pesquisadores, gestores, trabalhadores e usu\u00e1rios do SUS em um ambiente de discuss\u00e3o e aprendizado coletivo. O evento contar\u00e1 com palestras, minicursos e apresenta\u00e7\u00f5es de trabalhos cient\u00edficos, abordando temas como Pol\u00edticas P\u00fablicas de Sa\u00fade, Gest\u00e3o do SUS, Direito Sanit\u00e1rio, Educa\u00e7\u00e3o em Sa\u00fade e Participa\u00e7\u00e3o Social.<\/p>\n\n\n\n<p>Para Paranagu\u00e1, a aprova\u00e7\u00e3o do projeto representa n\u00e3o apenas reconhecimento, mas tamb\u00e9m oportunidade de compartilhar experi\u00eancias e pr\u00e1ticas inovadoras desenvolvidas no munic\u00edpio. \u201cQueremos mostrar que, mesmo em comunidades rurais e distantes, \u00e9 poss\u00edvel levar sa\u00fade com qualidade, proximidade e respeito \u00e0s necessidades da popula\u00e7\u00e3o\u201d, concluiu Jean Michel.<\/p>\n\n\n\n<p>Assessoria<\/p>\n","protected":false},"excerpt":{"rendered":"<p>A Secretaria Municipal de Sa\u00fade de Paranagu\u00e1 (Semsa) conquistou mais um reconhecimento em n\u00edvel nacional. O projeto \u201cSa\u00fade Itinerante \u2013 UBS Sobre Rodas: levando cuidado \u00e0s comunidades rurais\u201d, desenvolvido pela equipe da Unidade B\u00e1sica de Sa\u00fade (UBS) Elias Borges, em Alexandra, foi aprovado para apresenta\u00e7\u00e3o no III Congresso Nacional sobre o SUS: Desafios e Perspectivas [&hellip;]<\/p>\n","protected":false},"author":2,"featured_media":71840,"comment_status":"open","ping_status":"open","sticky":false,"template":"","format":"standard","meta":{"advanced_seo_description":"","jetpack_seo_html_title":"","jetpack_seo_noindex":false,"_jetpack_memberships_contains_paid_content":false,"footnotes":""},"categories":[40,77],"tags":[321],"class_list":{"0":"post-71839","1":"post","2":"type-post","3":"status-publish","4":"format-standard","5":"has-post-thumbnail","7":"category-destaques","8":"category-paranagua","9":"tag-paranagua"},"jetpack_featured_media_url":"https:\/\/www.paranapraia.com.br\/wp-content\/uploads\/2025\/09\/thumb-5.jpeg","jetpack_sharing_enabled":true,"_links":{"self":[{"href":"https:\/\/www.paranapraia.com.br\/index.php\/wp-json\/wp\/v2\/posts\/71839"}],"collection":[{"href":"https:\/\/www.paranapraia.com.br\/index.php\/wp-json\/wp\/v2\/posts"}],"about":[{"href":"https:\/\/www.paranapraia.com.br\/index.php\/wp-json\/wp\/v2\/types\/post"}],"author":[{"embeddable":true,"href":"https:\/\/www.paranapraia.com.br\/index.php\/wp-json\/wp\/v2\/users\/2"}],"replies":[{"embeddable":true,"href":"https:\/\/www.paranapraia.com.br\/index.php\/wp-json\/wp\/v2\/comments?post=71839"}],"version-history":[{"count":1,"href":"https:\/\/www.paranapraia.com.br\/index.php\/wp-json\/wp\/v2\/posts\/71839\/revisions"}],"predecessor-version":[{"id":71841,"href":"https:\/\/www.paranapraia.com.br\/index.php\/wp-json\/wp\/v2\/posts\/71839\/revisions\/71841"}],"wp:featuredmedia":[{"embeddable":true,"href":"https:\/\/www.paranapraia.com.br\/index.php\/wp-json\/wp\/v2\/media\/71840"}],"wp:attachment":[{"href":"https:\/\/www.paranapraia.com.br\/index.php\/wp-json\/wp\/v2\/media?parent=71839"}],"wp:term":[{"taxonomy":"category","embeddable":true,"href":"https:\/\/www.paranapraia.com.br\/index.php\/wp-json\/wp\/v2\/categories?post=71839"},{"taxonomy":"post_tag","embeddable":true,"href":"https:\/\/www.paranapraia.com.br\/index.php\/wp-json\/wp\/v2\/tags?post=71839"}],"curies":[{"name":"wp","href":"https:\/\/api.w.org\/{rel}","templated":true}]}}