{"id":71836,"date":"2025-09-02T10:12:00","date_gmt":"2025-09-02T13:12:00","guid":{"rendered":"https:\/\/www.paranapraia.com.br\/?p=71836"},"modified":"2025-09-02T10:12:02","modified_gmt":"2025-09-02T13:12:02","slug":"reta-final-do-inverno-setembro-comeca-na-segunda-com-mais-calor-e-chuvas-mais-intensas","status":"publish","type":"post","link":"https:\/\/www.paranapraia.com.br\/index.php\/2025\/09\/02\/reta-final-do-inverno-setembro-comeca-na-segunda-com-mais-calor-e-chuvas-mais-intensas\/","title":{"rendered":"Reta final do inverno: setembro come\u00e7a na segunda com mais calor e chuvas mais intensas"},"content":{"rendered":"\n<p>Apesar da primavera, no calend\u00e1rio tradicional, come\u00e7ar em 22 de setembro, no calend\u00e1rio meteorol\u00f3gico desde o dia 1\u00b0 o m\u00eas de setembro j\u00e1 ocorre a mudan\u00e7a de esta\u00e7\u00e3o. O tempo fica mais quente, mais \u00famido. As massas de ar frio entram com menos intensidade no Paran\u00e1, e as massas de ar quente predominam com mais frequ\u00eancia. De acordo com o Sistema de Tecnologia e Monitoramento Ambiental do Paran\u00e1 (Simepar), setembro de 2025 ser\u00e1 muito caracter\u00edstico com rela\u00e7\u00e3o ao tempo: dias de calor seguidos de dias de chuva, com temperaturas mais amenas.<\/p>\n\n\n\n<p>Historicamente, agosto \u00e9 o m\u00eas mais seco do ano, e setembro \u00e9 marcado pelo retorno das chuvas ao Paran\u00e1. \u201cEm setembro o vento come\u00e7a a predominar da regi\u00e3o amaz\u00f4nica para o Sul do Pa\u00eds, transportando calor e umidade. Os sistemas precipitantes se formam geralmente no Paraguai, Norte da Argentina, e faixa oeste da regi\u00e3o Sul. Dessa forma as massas de ar frio n\u00e3o chegam com tanta for\u00e7a e as massas de ar quente e \u00famido come\u00e7am a predominar com mais frequ\u00eancia, por isso na segunda quinzena de setembro chove com mais frequ\u00eancia\u201d, explica Reinaldo Kneib, meteorologista do Simepar.<\/p>\n\n\n\n<p>As regi\u00f5es que registram menores acumulados de chuva em setembro, de acordo com a m\u00e9dia hist\u00f3rica, s\u00e3o as cidades ao redor de Doutor Ulisses e Jaguaria\u00edva, bem como as cidades pr\u00f3ximas a Cambar\u00e1, Jacarezinho e Santo Ant\u00f4nio da Platina, que registram em m\u00e9dia entre 75 mm e 100 mm de chuva no m\u00eas inteiro.<\/p>\n\n\n\n<p>Na faixa que vai de Maring\u00e1 e Londrina at\u00e9 a capital paranaense, a m\u00e9dia de acumulado de chuva em setembro historicamente \u00e9 de 100 mm a 125 mm. As \u00e1reas onde mais chove, com acumulados entre 175 mm e 200 mm no m\u00eas, ficam no Centro Sul e Oeste, abrangendo cidades como Cascavel, Guarapuava e Tel\u00eamaco Borba. Em todo o resto do estado, a m\u00e9dia de acumulado de chuva fica entre 125 mm e 150 mm todo m\u00eas de setembro.&nbsp;<\/p>\n\n\n\n<p>J\u00e1 com rela\u00e7\u00e3o as temperaturas, as regi\u00f5es mais frias do Paran\u00e1 no m\u00eas de setembro historicamente s\u00e3o as cidades mais pr\u00f3ximas a Palmas, General Carneiro e Curitiba, com temperatura m\u00e9dia de 12\u00b0C a 14\u00b0C. S\u00e3o as regi\u00f5es mais altas do estado e por isso tem o predom\u00ednio do \u201cfrio de altitude\u201d neste per\u00edodo do ano.&nbsp;<\/p>\n\n\n\n<p>Em uma faixa que vai de Pato Branco, a Guarapuava, chegando at\u00e9 a Regi\u00e3o Metropolitana de Curitiba, as temperaturas m\u00e9dias em setembro s\u00e3o de 14\u00b0C a 16\u00b0C. J\u00e1 de Francisco Beltr\u00e3o a Tel\u00eamaco Borba, incluindo a parte sul do Litoral paranaense e a cidade de Cascavel, as temperaturas m\u00e9dias em setembro s\u00e3o entre 16\u00b0C e 18\u00b0C.<\/p>\n\n\n\n<p>Em todo o Oeste (com exce\u00e7\u00e3o de Cascavel), chegando a Maring\u00e1 e a Guaraque\u00e7aba, no Litoral, as temperaturas m\u00e9dias s\u00e3o um pouco mais altas em setembro, chegando a valores entre 18\u00b0C e 20\u00b0C. As temperaturas m\u00e9dias mais altas de todo o estado no m\u00eas historicamente s\u00e3o no Noroeste e no extremo norte, na \u00e1rea de divisa com S\u00e3o Paulo, chegando aos 22\u00b0C.&nbsp;<\/p>\n\n\n\n<p><strong>PREVIS\u00c3O&nbsp;<\/strong>\u2013 A virada do m\u00eas ser\u00e1 marcada por uma divis\u00e3o no tempo: a metade Leste segue com nebulosidade, e o Interior com sol, pelo menos at\u00e9 ter\u00e7a-feira (02). \u201cEntre a capital e as praias, o vento predominante do oceano acaba transportando bastante umidade, por isso, o c\u00e9u se mant\u00e9m mais encoberto, com muitas nuvens durante o dia, pouca varia\u00e7\u00e3o das temperaturas e possibilidade garoa de forma bem ocasional\u201d, explica Samuel Braun, meteorologista do Simepar.&nbsp;<\/p>\n\n\n\n<p>As m\u00ednimas na Capital ficam em torno de 13\u00b0C e as m\u00e1ximas n\u00e3o devem passar dos 20\u00b0C. No Litoral, as m\u00e1ximas chegam a 24\u00b0C. J\u00e1 no interior, o sol predomina e esquenta bastante. N\u00e3o h\u00e1 indicativo de chuva. Entre o Oeste, Noroeste e o Norte, as temperaturas m\u00e1ximas devem ultrapassar os 30\u00b0C.<\/p>\n\n\n\n<p>AEN<\/p>\n","protected":false},"excerpt":{"rendered":"<p>Apesar da primavera, no calend\u00e1rio tradicional, come\u00e7ar em 22 de setembro, no calend\u00e1rio meteorol\u00f3gico desde o dia 1\u00b0 o m\u00eas de setembro j\u00e1 ocorre a mudan\u00e7a de esta\u00e7\u00e3o. O tempo fica mais quente, mais \u00famido. As massas de ar frio entram com menos intensidade no Paran\u00e1, e as massas de ar quente predominam com mais [&hellip;]<\/p>\n","protected":false},"author":2,"featured_media":71837,"comment_status":"open","ping_status":"open","sticky":false,"template":"","format":"standard","meta":{"advanced_seo_description":"","jetpack_seo_html_title":"","jetpack_seo_noindex":false,"_jetpack_memberships_contains_paid_content":false,"footnotes":""},"categories":[40],"tags":[],"class_list":{"0":"post-71836","1":"post","2":"type-post","3":"status-publish","4":"format-standard","5":"has-post-thumbnail","7":"category-destaques"},"jetpack_featured_media_url":"https:\/\/www.paranapraia.com.br\/wp-content\/uploads\/2025\/09\/primavera_4_gilson_abreu_aen-1.jpg","jetpack_sharing_enabled":true,"_links":{"self":[{"href":"https:\/\/www.paranapraia.com.br\/index.php\/wp-json\/wp\/v2\/posts\/71836"}],"collection":[{"href":"https:\/\/www.paranapraia.com.br\/index.php\/wp-json\/wp\/v2\/posts"}],"about":[{"href":"https:\/\/www.paranapraia.com.br\/index.php\/wp-json\/wp\/v2\/types\/post"}],"author":[{"embeddable":true,"href":"https:\/\/www.paranapraia.com.br\/index.php\/wp-json\/wp\/v2\/users\/2"}],"replies":[{"embeddable":true,"href":"https:\/\/www.paranapraia.com.br\/index.php\/wp-json\/wp\/v2\/comments?post=71836"}],"version-history":[{"count":1,"href":"https:\/\/www.paranapraia.com.br\/index.php\/wp-json\/wp\/v2\/posts\/71836\/revisions"}],"predecessor-version":[{"id":71838,"href":"https:\/\/www.paranapraia.com.br\/index.php\/wp-json\/wp\/v2\/posts\/71836\/revisions\/71838"}],"wp:featuredmedia":[{"embeddable":true,"href":"https:\/\/www.paranapraia.com.br\/index.php\/wp-json\/wp\/v2\/media\/71837"}],"wp:attachment":[{"href":"https:\/\/www.paranapraia.com.br\/index.php\/wp-json\/wp\/v2\/media?parent=71836"}],"wp:term":[{"taxonomy":"category","embeddable":true,"href":"https:\/\/www.paranapraia.com.br\/index.php\/wp-json\/wp\/v2\/categories?post=71836"},{"taxonomy":"post_tag","embeddable":true,"href":"https:\/\/www.paranapraia.com.br\/index.php\/wp-json\/wp\/v2\/tags?post=71836"}],"curies":[{"name":"wp","href":"https:\/\/api.w.org\/{rel}","templated":true}]}}