{"id":71832,"date":"2025-09-01T15:17:16","date_gmt":"2025-09-01T18:17:16","guid":{"rendered":"https:\/\/www.paranapraia.com.br\/?p=71832"},"modified":"2025-09-01T15:17:19","modified_gmt":"2025-09-01T18:17:19","slug":"iniciam-obras-da-primeira-fase-de-requalificacao-da-orla-de-pontal-do-parana","status":"publish","type":"post","link":"https:\/\/www.paranapraia.com.br\/index.php\/2025\/09\/01\/iniciam-obras-da-primeira-fase-de-requalificacao-da-orla-de-pontal-do-parana\/","title":{"rendered":"Iniciam obras da primeira fase de requalifica\u00e7\u00e3o da orla de Pontal do Paran\u00e1"},"content":{"rendered":"\n<p>Pontal do Paran\u00e1 come\u00e7ou a primeira fase das obras de requalifica\u00e7\u00e3o da orla, que compreende 3,66 quil\u00f4metros entre os balne\u00e1rios de Mon\u00e7\u00f5es e Canoas. O investimento previsto \u00e9 de R$ 34,5 milh\u00f5es, e os trabalhos j\u00e1 est\u00e3o em andamento no canteiro do balne\u00e1rio de Praia de Leste.<\/p>\n\n\n\n<figure class=\"wp-block-image size-full\"><img loading=\"lazy\" decoding=\"async\" width=\"800\" height=\"533\" src=\"https:\/\/www.paranapraia.com.br\/wp-content\/uploads\/2025\/09\/1000730886.jpg\" alt=\"\" class=\"wp-image-71834\" srcset=\"https:\/\/www.paranapraia.com.br\/wp-content\/uploads\/2025\/09\/1000730886.jpg 800w, https:\/\/www.paranapraia.com.br\/wp-content\/uploads\/2025\/09\/1000730886-300x200.jpg 300w, https:\/\/www.paranapraia.com.br\/wp-content\/uploads\/2025\/09\/1000730886-768x512.jpg 768w, https:\/\/www.paranapraia.com.br\/wp-content\/uploads\/2025\/09\/1000730886-696x464.jpg 696w\" sizes=\"(max-width: 800px) 100vw, 800px\" \/><\/figure>\n\n\n\n<p>Nesta fase inicial, o destaque \u00e9 a implanta\u00e7\u00e3o de um sistema de drenagem inovador com a tecnologia RIB LOC.<br>Diferente das galerias convencionais, a drenagem utiliza tubos helicoidais de PVC instalados em caixas de concreto revestidas, que captam e conduzem a \u00e1gua das ruas perpendiculares \u00e0 Avenida An\u00edbal Khury at\u00e9 a \u00e1rea da beira-mar.<br>Parte da drenagem ser\u00e1 direcionada para a restinga, garantindo o manejo correto das \u00e1guas e preservando o ecossistema local. Al\u00e9m disso, as interven\u00e7\u00f5es incluem terraplanagem e pavimenta\u00e7\u00e3o, respeitando integralmente as \u00e1reas de restinga.<\/p>\n\n\n\n<p>A tecnologia australiana Rib Loc foi criada nos anos 1970 para a fabrica\u00e7\u00e3o de tubos de grandes di\u00e2metros, utilizando o enrolamento helicoidal de perfis de PVC em formato de &#8220;T&#8221;. Essa configura\u00e7\u00e3o confere ao tubo resist\u00eancia mec\u00e2nica, leveza e excelente desempenho hidr\u00e1ulico. Os tubos podem ser produzidos diretamente no canteiro de obras, o que agiliza a constru\u00e7\u00e3o, e suportam di\u00e2metros de at\u00e9 3 metros, permitindo ampla flexibilidade de aplica\u00e7\u00e3o.<\/p>\n\n\n\n<p>O projeto da nova orla inclui ciclovia, pista de corrida, novo cal\u00e7amento, \u00e1reas de lazer, quiosques e dispositivos de acessibilidade, como passarelas e sinaliza\u00e7\u00f5es.<br>A inten\u00e7\u00e3o \u00e9 tornar a regi\u00e3o mais segura, organizada e acolhedora para moradores e visitantes.<\/p>\n\n\n\n<p>A segunda fase do projeto j\u00e1 est\u00e1 em andamento.<br>O IAT concedeu a Licen\u00e7a Pr\u00e9via (LP) para mais 2,77 quil\u00f4metros de orla, entre os balne\u00e1rios de Santa Terezinha e Ipanema.<br>Essa etapa prev\u00ea novas cal\u00e7adas, quiosques, passarelas, lounges urbanos e requalifica\u00e7\u00e3o da via beira-mar. O edital de licita\u00e7\u00e3o ser\u00e1 elaborado nos pr\u00f3ximos meses.<\/p>\n\n\n\n<p>O prefeito Rud\u00e3o Gimenes ressalta a import\u00e2ncia dessa etapa para o futuro da cidade. <\/p>\n\n\n\n<p>\u201cEstamos iniciando uma transforma\u00e7\u00e3o hist\u00f3rica na orla de Pontal do Paran\u00e1. Estamos cuidando do meio ambiente, oferecendo mais seguran\u00e7a, lazer e criando uma orla pensada para quem vive aqui e para quem nos visita. \u00c9 uma mudan\u00e7a que valoriza a cidade e melhora a vida das pessoas.\u201d<\/p>\n\n\n\n<p>O projeto da orla de Pontal do Paran\u00e1 \u00e9 executado pelo Cons\u00f3rcio Orla de Pontal, vencedor da licita\u00e7\u00e3o, sob supervis\u00e3o e coordena\u00e7\u00e3o do Instituto \u00c1gua e Terra (IAT) e do Governo do Estado do Paran\u00e1.<\/p>\n\n\n\n<p><br>A Prefeitura de Pontal do Paran\u00e1 participa ativamente das a\u00e7\u00f5es de infraestrutura do munic\u00edpio, atuando no apoio a cada etapa da requalifica\u00e7\u00e3o e no processo de licenciamento ambiental.<\/p>\n\n\n\n<p>\ud83d\udcf8 Fotos: PMPPR\/ Clovis Santos<\/p>\n","protected":false},"excerpt":{"rendered":"<p>Pontal do Paran\u00e1 come\u00e7ou a primeira fase das obras de requalifica\u00e7\u00e3o da orla, que compreende 3,66 quil\u00f4metros entre os balne\u00e1rios de Mon\u00e7\u00f5es e Canoas. O investimento previsto \u00e9 de R$ 34,5 milh\u00f5es, e os trabalhos j\u00e1 est\u00e3o em andamento no canteiro do balne\u00e1rio de Praia de Leste. Nesta fase inicial, o destaque \u00e9 a implanta\u00e7\u00e3o [&hellip;]<\/p>\n","protected":false},"author":2,"featured_media":71833,"comment_status":"open","ping_status":"open","sticky":false,"template":"","format":"standard","meta":{"advanced_seo_description":"","jetpack_seo_html_title":"","jetpack_seo_noindex":false,"_jetpack_memberships_contains_paid_content":false,"footnotes":""},"categories":[40,65],"tags":[1461,318],"class_list":{"0":"post-71832","1":"post","2":"type-post","3":"status-publish","4":"format-standard","5":"has-post-thumbnail","7":"category-destaques","8":"category-pontal-do-parana","9":"tag-iniciam-obras-da-primeira-fase-de-requalificacao-da-orla-de-pontal-do-parana","10":"tag-pontal-do-parana"},"jetpack_featured_media_url":"https:\/\/www.paranapraia.com.br\/wp-content\/uploads\/2025\/09\/FB_IMG_1756750532306.jpg","jetpack_sharing_enabled":true,"_links":{"self":[{"href":"https:\/\/www.paranapraia.com.br\/index.php\/wp-json\/wp\/v2\/posts\/71832"}],"collection":[{"href":"https:\/\/www.paranapraia.com.br\/index.php\/wp-json\/wp\/v2\/posts"}],"about":[{"href":"https:\/\/www.paranapraia.com.br\/index.php\/wp-json\/wp\/v2\/types\/post"}],"author":[{"embeddable":true,"href":"https:\/\/www.paranapraia.com.br\/index.php\/wp-json\/wp\/v2\/users\/2"}],"replies":[{"embeddable":true,"href":"https:\/\/www.paranapraia.com.br\/index.php\/wp-json\/wp\/v2\/comments?post=71832"}],"version-history":[{"count":1,"href":"https:\/\/www.paranapraia.com.br\/index.php\/wp-json\/wp\/v2\/posts\/71832\/revisions"}],"predecessor-version":[{"id":71835,"href":"https:\/\/www.paranapraia.com.br\/index.php\/wp-json\/wp\/v2\/posts\/71832\/revisions\/71835"}],"wp:featuredmedia":[{"embeddable":true,"href":"https:\/\/www.paranapraia.com.br\/index.php\/wp-json\/wp\/v2\/media\/71833"}],"wp:attachment":[{"href":"https:\/\/www.paranapraia.com.br\/index.php\/wp-json\/wp\/v2\/media?parent=71832"}],"wp:term":[{"taxonomy":"category","embeddable":true,"href":"https:\/\/www.paranapraia.com.br\/index.php\/wp-json\/wp\/v2\/categories?post=71832"},{"taxonomy":"post_tag","embeddable":true,"href":"https:\/\/www.paranapraia.com.br\/index.php\/wp-json\/wp\/v2\/tags?post=71832"}],"curies":[{"name":"wp","href":"https:\/\/api.w.org\/{rel}","templated":true}]}}