{"id":71829,"date":"2025-09-01T14:07:24","date_gmt":"2025-09-01T17:07:24","guid":{"rendered":"https:\/\/www.paranapraia.com.br\/?p=71829"},"modified":"2025-09-01T14:07:26","modified_gmt":"2025-09-01T17:07:26","slug":"projeto-familia-na-escola-fortalece-lacos-entre-comunidade-e-educacao-em-morretes","status":"publish","type":"post","link":"https:\/\/www.paranapraia.com.br\/index.php\/2025\/09\/01\/projeto-familia-na-escola-fortalece-lacos-entre-comunidade-e-educacao-em-morretes\/","title":{"rendered":"Projeto \u201cFam\u00edlia na Escola\u201d fortalece la\u00e7os entre comunidade e educa\u00e7\u00e3o em Morretes"},"content":{"rendered":"\n<p>Na \u00faltima sexta-feira (29), a Escola Dulce promoveu mais uma edi\u00e7\u00e3o do tradicional&nbsp;<strong>Projeto Fam\u00edlia na Escola<\/strong>, que h\u00e1 12 anos contribui para aproximar a comunidade escolar, fortalecendo a parceria entre pais, respons\u00e1veis, alunos e equipe pedag\u00f3gica.<\/p>\n\n\n\n<p>O encontro reuniu&nbsp;<strong>368 alunos e seus familiares<\/strong>, que participaram de um dia especial, marcado por apresenta\u00e7\u00f5es culturais, exposi\u00e7\u00e3o de trabalhos e diversas atividades preparadas com dedica\u00e7\u00e3o pelos professores e colaboradores da institui\u00e7\u00e3o.<\/p>\n\n\n\n<p>O evento tamb\u00e9m contou com a presen\u00e7a da&nbsp;<strong>Secretaria Municipal de Sa\u00fade<\/strong>, que ofereceu orienta\u00e7\u00f5es voltadas ao cuidado com a sa\u00fade das crian\u00e7as, refor\u00e7ando a import\u00e2ncia da integra\u00e7\u00e3o entre diferentes setores para o bem-estar dos estudantes.<\/p>\n\n\n\n<p>De acordo com a dire\u00e7\u00e3o da escola, cada detalhe foi planejado para proporcionar um ambiente de acolhimento, aprendizado e conviv\u00eancia saud\u00e1vel, celebrando o papel fundamental da fam\u00edlia no processo educativo.<\/p>\n\n\n\n<p>O&nbsp;<strong>Projeto Fam\u00edlia na Escola<\/strong>&nbsp;j\u00e1 se consolidou como um dos momentos mais aguardados do calend\u00e1rio escolar, promovendo&nbsp;<strong>integra\u00e7\u00e3o, alegria e fortalecimento dos v\u00ednculos entre escola e comunidade<\/strong>&nbsp;em Morretes.<\/p>\n\n\n\n<p>Assessoria<\/p>\n","protected":false},"excerpt":{"rendered":"<p>Na \u00faltima sexta-feira (29), a Escola Dulce promoveu mais uma edi\u00e7\u00e3o do tradicional&nbsp;Projeto Fam\u00edlia na Escola, que h\u00e1 12 anos contribui para aproximar a comunidade escolar, fortalecendo a parceria entre pais, respons\u00e1veis, alunos e equipe pedag\u00f3gica. O encontro reuniu&nbsp;368 alunos e seus familiares, que participaram de um dia especial, marcado por apresenta\u00e7\u00f5es culturais, exposi\u00e7\u00e3o de [&hellip;]<\/p>\n","protected":false},"author":2,"featured_media":71830,"comment_status":"open","ping_status":"open","sticky":false,"template":"","format":"standard","meta":{"advanced_seo_description":"","jetpack_seo_html_title":"","jetpack_seo_noindex":false,"_jetpack_memberships_contains_paid_content":false,"footnotes":""},"categories":[125],"tags":[729,1460],"class_list":{"0":"post-71829","1":"post","2":"type-post","3":"status-publish","4":"format-standard","5":"has-post-thumbnail","7":"category-morretes","8":"tag-morretes","9":"tag-projeto-familia-na-escola-fortalece-lacos-entre-comunidade-e-educacao-em-morretes"},"jetpack_featured_media_url":"https:\/\/www.paranapraia.com.br\/wp-content\/uploads\/2025\/09\/IMG-20250901-WA0050.jpg","jetpack_sharing_enabled":true,"_links":{"self":[{"href":"https:\/\/www.paranapraia.com.br\/index.php\/wp-json\/wp\/v2\/posts\/71829"}],"collection":[{"href":"https:\/\/www.paranapraia.com.br\/index.php\/wp-json\/wp\/v2\/posts"}],"about":[{"href":"https:\/\/www.paranapraia.com.br\/index.php\/wp-json\/wp\/v2\/types\/post"}],"author":[{"embeddable":true,"href":"https:\/\/www.paranapraia.com.br\/index.php\/wp-json\/wp\/v2\/users\/2"}],"replies":[{"embeddable":true,"href":"https:\/\/www.paranapraia.com.br\/index.php\/wp-json\/wp\/v2\/comments?post=71829"}],"version-history":[{"count":1,"href":"https:\/\/www.paranapraia.com.br\/index.php\/wp-json\/wp\/v2\/posts\/71829\/revisions"}],"predecessor-version":[{"id":71831,"href":"https:\/\/www.paranapraia.com.br\/index.php\/wp-json\/wp\/v2\/posts\/71829\/revisions\/71831"}],"wp:featuredmedia":[{"embeddable":true,"href":"https:\/\/www.paranapraia.com.br\/index.php\/wp-json\/wp\/v2\/media\/71830"}],"wp:attachment":[{"href":"https:\/\/www.paranapraia.com.br\/index.php\/wp-json\/wp\/v2\/media?parent=71829"}],"wp:term":[{"taxonomy":"category","embeddable":true,"href":"https:\/\/www.paranapraia.com.br\/index.php\/wp-json\/wp\/v2\/categories?post=71829"},{"taxonomy":"post_tag","embeddable":true,"href":"https:\/\/www.paranapraia.com.br\/index.php\/wp-json\/wp\/v2\/tags?post=71829"}],"curies":[{"name":"wp","href":"https:\/\/api.w.org\/{rel}","templated":true}]}}