{"id":71823,"date":"2025-09-01T11:22:01","date_gmt":"2025-09-01T14:22:01","guid":{"rendered":"https:\/\/www.paranapraia.com.br\/?p=71823"},"modified":"2025-09-01T11:22:04","modified_gmt":"2025-09-01T14:22:04","slug":"motorista-de-aplicativo-e-sequestrado-e-amarrado-em-arvore-apos-corrida-em-paranagua","status":"publish","type":"post","link":"https:\/\/www.paranapraia.com.br\/index.php\/2025\/09\/01\/motorista-de-aplicativo-e-sequestrado-e-amarrado-em-arvore-apos-corrida-em-paranagua\/","title":{"rendered":"Motorista de aplicativo \u00e9 sequestrado e amarrado em \u00e1rvore ap\u00f3s corrida em Paranagu\u00e1"},"content":{"rendered":"\n<p>Na madrugada desta segunda-feira (1\u00ba), um motorista de aplicativo de 39 anos viveu momentos de terror ao ser v\u00edtima de um assalto seguido de sequestro durante uma corrida entre Paranagu\u00e1 e Pontal do Paran\u00e1. O crime aconteceu por volta da 1h.<\/p>\n\n\n\n<p>A v\u00edtima relatou \u00e0 Pol\u00edcia Militar que trabalhava com seu ve\u00edculo VW\/Novo Gol TL MCV (placa PZL9B45) quando aceitou uma corrida com destino ao bairro Samambaia, em Paranagu\u00e1. Durante o trajeto, os dois passageiros \u2014 descritos como homens brancos e altos \u2014 anunciaram o roubo. Um deles estaria armado.<\/p>\n\n\n\n<p>Sob amea\u00e7a, o motorista foi colocado no porta-malas do carro. Os criminosos seguiram em dire\u00e7\u00e3o a Pontal do Paran\u00e1, onde abandonaram a v\u00edtima na Avenida Beira-Mar, amarrando-a a uma \u00e1rvore com um moletom. Ap\u00f3s a fuga, ele conseguiu se soltar e pediu ajuda em uma resid\u00eancia pr\u00f3xima.<\/p>\n\n\n\n<p>Imagens de c\u00e2meras de seguran\u00e7a indicam que o ve\u00edculo j\u00e1 havia retornado a Paranagu\u00e1 pouco depois do crime. Equipes policiais das duas cidades foram mobilizadas para localizar os suspeitos e recuperar o autom\u00f3vel.<\/p>\n\n\n\n<p>O motorista recebeu apoio dos agentes e retornou para casa. At\u00e9 o momento, n\u00e3o h\u00e1 informa\u00e7\u00f5es sobre pris\u00f5es ou a localiza\u00e7\u00e3o do carro.<\/p>\n\n\n\n<p>A Pol\u00edcia segue investigando o caso. Informa\u00e7\u00f5es podem ser repassadas anonimamente pelos telefones 190 e 197.<\/p>\n\n\n\n<p>Informa\u00e7\u00f5es: QAP Litoral<\/p>\n","protected":false},"excerpt":{"rendered":"<p>Na madrugada desta segunda-feira (1\u00ba), um motorista de aplicativo de 39 anos viveu momentos de terror ao ser v\u00edtima de um assalto seguido de sequestro durante uma corrida entre Paranagu\u00e1 e Pontal do Paran\u00e1. O crime aconteceu por volta da 1h. A v\u00edtima relatou \u00e0 Pol\u00edcia Militar que trabalhava com seu ve\u00edculo VW\/Novo Gol TL [&hellip;]<\/p>\n","protected":false},"author":2,"featured_media":71824,"comment_status":"open","ping_status":"open","sticky":false,"template":"","format":"standard","meta":{"advanced_seo_description":"","jetpack_seo_html_title":"","jetpack_seo_noindex":false,"_jetpack_memberships_contains_paid_content":false,"footnotes":""},"categories":[77,33,65],"tags":[1458,321,318],"class_list":{"0":"post-71823","1":"post","2":"type-post","3":"status-publish","4":"format-standard","5":"has-post-thumbnail","7":"category-paranagua","8":"category-policia","9":"category-pontal-do-parana","10":"tag-motorista-de-aplicativo-e-sequestrado-e-amarrado-em-arvore-apos-corrida-em-paranagua","11":"tag-paranagua","12":"tag-pontal-do-parana"},"jetpack_featured_media_url":"https:\/\/www.paranapraia.com.br\/wp-content\/uploads\/2025\/09\/FB_IMG_1756736298490.jpg","jetpack_sharing_enabled":true,"_links":{"self":[{"href":"https:\/\/www.paranapraia.com.br\/index.php\/wp-json\/wp\/v2\/posts\/71823"}],"collection":[{"href":"https:\/\/www.paranapraia.com.br\/index.php\/wp-json\/wp\/v2\/posts"}],"about":[{"href":"https:\/\/www.paranapraia.com.br\/index.php\/wp-json\/wp\/v2\/types\/post"}],"author":[{"embeddable":true,"href":"https:\/\/www.paranapraia.com.br\/index.php\/wp-json\/wp\/v2\/users\/2"}],"replies":[{"embeddable":true,"href":"https:\/\/www.paranapraia.com.br\/index.php\/wp-json\/wp\/v2\/comments?post=71823"}],"version-history":[{"count":1,"href":"https:\/\/www.paranapraia.com.br\/index.php\/wp-json\/wp\/v2\/posts\/71823\/revisions"}],"predecessor-version":[{"id":71825,"href":"https:\/\/www.paranapraia.com.br\/index.php\/wp-json\/wp\/v2\/posts\/71823\/revisions\/71825"}],"wp:featuredmedia":[{"embeddable":true,"href":"https:\/\/www.paranapraia.com.br\/index.php\/wp-json\/wp\/v2\/media\/71824"}],"wp:attachment":[{"href":"https:\/\/www.paranapraia.com.br\/index.php\/wp-json\/wp\/v2\/media?parent=71823"}],"wp:term":[{"taxonomy":"category","embeddable":true,"href":"https:\/\/www.paranapraia.com.br\/index.php\/wp-json\/wp\/v2\/categories?post=71823"},{"taxonomy":"post_tag","embeddable":true,"href":"https:\/\/www.paranapraia.com.br\/index.php\/wp-json\/wp\/v2\/tags?post=71823"}],"curies":[{"name":"wp","href":"https:\/\/api.w.org\/{rel}","templated":true}]}}