{"id":7181,"date":"2019-04-18T19:44:31","date_gmt":"2019-04-18T22:44:31","guid":{"rendered":"https:\/\/www.paranapraia.com.br\/?p=7181"},"modified":"2019-04-18T19:44:32","modified_gmt":"2019-04-18T22:44:32","slug":"santuario-transfere-atividades-ao-ar-livre-para-dentro-de-igreja-por-conta-de-pombos-em-cianorte","status":"publish","type":"post","link":"https:\/\/www.paranapraia.com.br\/index.php\/2019\/04\/18\/santuario-transfere-atividades-ao-ar-livre-para-dentro-de-igreja-por-conta-de-pombos-em-cianorte\/","title":{"rendered":"Santu\u00e1rio transfere atividades ao ar livre para dentro de igreja por conta de pombos, em Cianorte"},"content":{"rendered":"\n<h4 class=\"wp-block-heading\">Algumas atividades como a Via Sacra, que acontece com mais frequ\u00eancia na \u00e9poca da Quaresma, foram canceladas ou realocadas.<\/h4>\n\n\n\n<p>O Santu\u00e1rio Eucar\u00edstico Diocesano de Cianorte, no noroeste do Paran\u00e1, transferiu as atividades ecum\u00eanicas por conta de pombos que ficam no local.<\/p>\n\n\n\n<p>Com isso, a Via Sacra, que acontece com frequ\u00eancia no per\u00edodo de Quaresma e Semana Santa, sofreu altera\u00e7\u00f5es. Algumas atividades chegaram a ser canceladas.<\/p>\n\n\n\n<p>A igreja fica na regi\u00e3o central da cidade, em meio a tr\u00eas bosques. O Santu\u00e1rio e a prefeitura da cidade tentaram m\u00e9todos para espantar as aves. A \u00faltima tentativa foi a instala\u00e7\u00e3o de odorizadores, que possuem um cheiro que pode afastar os p\u00e1ssaros.<\/p>\n\n\n\n<p>Segundo o padre S\u00e9rgio Carris, respons\u00e1vel pela matriz, a igreja acaba sendo prejudicada por conta do alto n\u00famero de pombos. Conforme o padre, tamb\u00e9m h\u00e1 a preocupa\u00e7\u00e3o com a sa\u00fade dos fi\u00e9is.<\/p>\n\n\n\n<p>&#8220;\u00c9 uma popula\u00e7\u00e3o muito grande que acaba sendo exposta \u00e0 sujeira, ao mau cheiro e \u00e0s doen\u00e7as que as fezes dos pombos acabam transmitindo&#8221;, diz o padre.<\/p>\n\n\n\n<p>O bi\u00f3logo Fabiano Marreiros explica que as aves n\u00e3o s\u00e3o o problema da regi\u00e3o, mas sim as fezes que os pombos deixam. &#8220;Essas fezes ficam pelo ch\u00e3o, o que pode ocasionar um problema de sa\u00fade p\u00fablica&#8221;, conta.<\/p>\n\n\n\n<figure class=\"wp-block-image\"><img decoding=\"async\" src=\"https:\/\/s2.glbimg.com\/O4K89YK02B7m-qRN7JCjDOS5obU=\/0x0:1267x707\/984x0\/smart\/filters:strip_icc()\/i.s3.glbimg.com\/v1\/AUTH_59edd422c0c84a879bd37670ae4f538a\/internal_photos\/bs\/2019\/m\/6\/87jPvmQlqVTOE76qpxXA\/santuario2.png\" alt=\"Pombos ficam em \u00e1rvores na regi\u00e3o central de Cianorte \u2014 Foto: Raphael Costa\/RPC\"\/><\/figure>\n\n\n\n<p>Pombos ficam em \u00e1rvores na regi\u00e3o central de Cianorte \u2014 Foto: Raphael Costa\/RPC<\/p>\n\n\n\n<h2 class=\"wp-block-heading\"><strong>&#8216;X\u00f4, pombos&#8217;<\/strong><\/h2>\n\n\n\n<p>A tentativa de afastar os pombos que ficam pr\u00f3ximos do Santu\u00e1rio dividiu opini\u00f5es na cidade. Enquanto alguns moradores acreditam que os pombos trazem sujeira, outros pensam que as \u00e1rvores da regi\u00e3o central s\u00e3o a casa das aves.<\/p>\n\n\n\n<p>A pol\u00eamica fez com que o Minist\u00e9rio P\u00fablico do Paran\u00e1 (MP-PR) entrasse no caso. O promotor do meio ambiente S\u00e9rgio Roberto Martins diz que os m\u00e9todos para afastar os pombos s\u00e3o regulares. No entanto, as aves n\u00e3o podem ser mortas.<\/p>\n\n\n\n<p>&#8220;Se esses pombos migrarem para os bosques ao lado, j\u00e1 seria uma solu\u00e7\u00e3o, porque l\u00e1 n\u00f3s n\u00e3o temos concentra\u00e7\u00e3o de pessoas no local. No atual est\u00e1gio, a pessoa n\u00e3o tem outra op\u00e7\u00e3o a n\u00e3o ser passar por cima das fezes. O risco \u00e0 sa\u00fade p\u00fablica existe&#8221;, pontua o promotor.<\/p>\n\n\n\n<figure class=\"wp-block-image\"><img decoding=\"async\" src=\"https:\/\/s2.glbimg.com\/S6JLKksEfDUnGIBVNKcz6QFIs38=\/0x0:1275x707\/984x0\/smart\/filters:strip_icc()\/i.s3.glbimg.com\/v1\/AUTH_59edd422c0c84a879bd37670ae4f538a\/internal_photos\/bs\/2019\/w\/e\/C9EcSFThylEql5q7Ro6w\/santuario-1.png\" alt=\"Tr\u00eas bosques ficam no entorno do Santu\u00e1rio Eucar\u00edstico \u2014 Foto: Raphael Costa\/RPC\"\/><\/figure>\n\n\n\n<p>Tr\u00eas bosques ficam no entorno do Santu\u00e1rio Eucar\u00edstico \u2014 Foto: Raphael Costa\/RPC<\/p>\n\n\n\n<p>G1PR<\/p>\n","protected":false},"excerpt":{"rendered":"<p>Algumas atividades como a Via Sacra, que acontece com mais frequ\u00eancia na \u00e9poca da Quaresma, foram canceladas ou realocadas. O Santu\u00e1rio Eucar\u00edstico Diocesano de Cianorte, no noroeste do Paran\u00e1, transferiu as atividades ecum\u00eanicas por conta de pombos que ficam no local. Com isso, a Via Sacra, que acontece com frequ\u00eancia no per\u00edodo de Quaresma e [&hellip;]<\/p>\n","protected":false},"author":2,"featured_media":7184,"comment_status":"open","ping_status":"open","sticky":false,"template":"","format":"standard","meta":{"advanced_seo_description":"","jetpack_seo_html_title":"","jetpack_seo_noindex":false,"_jetpack_memberships_contains_paid_content":false,"footnotes":""},"categories":[43],"tags":[],"class_list":{"0":"post-7181","1":"post","2":"type-post","3":"status-publish","4":"format-standard","5":"has-post-thumbnail","7":"category-cotidiano"},"jetpack_featured_media_url":"https:\/\/www.paranapraia.com.br\/wp-content\/uploads\/2019\/04\/pom.jpg","jetpack_sharing_enabled":true,"_links":{"self":[{"href":"https:\/\/www.paranapraia.com.br\/index.php\/wp-json\/wp\/v2\/posts\/7181"}],"collection":[{"href":"https:\/\/www.paranapraia.com.br\/index.php\/wp-json\/wp\/v2\/posts"}],"about":[{"href":"https:\/\/www.paranapraia.com.br\/index.php\/wp-json\/wp\/v2\/types\/post"}],"author":[{"embeddable":true,"href":"https:\/\/www.paranapraia.com.br\/index.php\/wp-json\/wp\/v2\/users\/2"}],"replies":[{"embeddable":true,"href":"https:\/\/www.paranapraia.com.br\/index.php\/wp-json\/wp\/v2\/comments?post=7181"}],"version-history":[{"count":1,"href":"https:\/\/www.paranapraia.com.br\/index.php\/wp-json\/wp\/v2\/posts\/7181\/revisions"}],"predecessor-version":[{"id":7185,"href":"https:\/\/www.paranapraia.com.br\/index.php\/wp-json\/wp\/v2\/posts\/7181\/revisions\/7185"}],"wp:featuredmedia":[{"embeddable":true,"href":"https:\/\/www.paranapraia.com.br\/index.php\/wp-json\/wp\/v2\/media\/7184"}],"wp:attachment":[{"href":"https:\/\/www.paranapraia.com.br\/index.php\/wp-json\/wp\/v2\/media?parent=7181"}],"wp:term":[{"taxonomy":"category","embeddable":true,"href":"https:\/\/www.paranapraia.com.br\/index.php\/wp-json\/wp\/v2\/categories?post=7181"},{"taxonomy":"post_tag","embeddable":true,"href":"https:\/\/www.paranapraia.com.br\/index.php\/wp-json\/wp\/v2\/tags?post=7181"}],"curies":[{"name":"wp","href":"https:\/\/api.w.org\/{rel}","templated":true}]}}