{"id":71777,"date":"2025-08-27T15:33:25","date_gmt":"2025-08-27T18:33:25","guid":{"rendered":"https:\/\/www.paranapraia.com.br\/?p=71777"},"modified":"2025-08-27T15:33:27","modified_gmt":"2025-08-27T18:33:27","slug":"apos-18-meses-de-operacao-e-investimentos-de-mais-de-r-500-milhoes-tarifas-nas-pracas-de-pedagio-da-epr-litoral-pioneiro-passam-por-reajuste","status":"publish","type":"post","link":"https:\/\/www.paranapraia.com.br\/index.php\/2025\/08\/27\/apos-18-meses-de-operacao-e-investimentos-de-mais-de-r-500-milhoes-tarifas-nas-pracas-de-pedagio-da-epr-litoral-pioneiro-passam-por-reajuste\/","title":{"rendered":"Ap\u00f3s 18 meses de opera\u00e7\u00e3o e investimentos de mais de R$ 500 milh\u00f5es, tarifas nas pra\u00e7as de ped\u00e1gio da EPR Litoral Pioneiro passam por reajuste"},"content":{"rendered":"\n<p>A partir desta quinta-feira (28 de agosto) as tarifas aplicadas nas pra\u00e7as de ped\u00e1gio da EPR Litoral Pioneiro ter\u00e3o reajuste. A medida, prevista em contrato, foi autorizada pela Ag\u00eancia Nacional de Transportes Terrestres (ANTT) com base no trabalho executado pela empresa desde o in\u00edcio da concess\u00e3o, em fevereiro de 2024.<\/p>\n\n\n\n<p>Neste per\u00edodo, a concession\u00e1ria investiu mais de R$ 500 milh\u00f5es nos 605 quil\u00f4metros das rodovias federais BR-153, BR-277 (entre Curitiba e Paranagu\u00e1) e BR-369, e das estaduais PR-092, PR-151, PR-239, PR-407, PR-408, PR-411, PR-508, PR-804 e PR-855 sob sua administra\u00e7\u00e3o. Esta, inclusive, \u00e9 a primeira vez que a PR-092 e as avenidas Bento Rocha e Ayrton Senna, em Paranagu\u00e1, s\u00e3o concessionadas.<\/p>\n\n\n\n<p>Com uma estrutura que envolve cerca de 600 empregos diretos, 915 colaboradores de 47 empresas terceirizadas, a atua\u00e7\u00e3o da EPR Litoral Pioneiro gerou impactos significativos na seguran\u00e7a vi\u00e1ria e nas condi\u00e7\u00f5es das rodovias que passam por 27 cidades paranaenses. Entre as melhorias promovidas est\u00e3o a recupera\u00e7\u00e3o de mais de 600 quil\u00f4metros de faixas, a implanta\u00e7\u00e3o ou substitui\u00e7\u00e3o de 21 mil placas de sinaliza\u00e7\u00e3o vertical, al\u00e9m da pintura de mais de 560 mil m\u00b2 de sinaliza\u00e7\u00e3o horizontal e a instala\u00e7\u00e3o de 252 mil tachas.<\/p>\n\n\n\n<p>Desde o in\u00edcio da concess\u00e3o, os usu\u00e1rios das rodovias passaram a contar com estrutura completa de atendimento m\u00e9dico e operacional 24 horas, dispon\u00edvel pelo n\u00famero de emerg\u00eancia 0800 277 0153, que tamb\u00e9m atende pelo WhatsApp. Em 18 meses foram realizados 185 mil atendimentos a 120 mil ocorr\u00eancias, entre eles 7,5 mil atendimentos m\u00e9dicos.<\/p>\n\n\n\n<p>S\u00e3o hist\u00f3rias emocionantes que fizeram diferen\u00e7a na vida dos usu\u00e1rios e que mostram os benef\u00edcios que a concess\u00e3o promove nas rodovias. Os socorristas da EPR Litoral Pioneiro j\u00e1 realizaram cinco partos, dos beb\u00eas Isadora, Maria Valentina, Pietra, Nicolas e Izabela. Al\u00e9m disso, mais de 100 vidas foram salvas pela \u00e1rea de escape localizada na BR-277, em Morretes, e milhares de usu\u00e1rios foram prontamente atendidos pelas equipes especializadas.<\/p>\n\n\n\n<p>\u201cEstes primeiros 18 meses de concess\u00e3o foram muito importantes para o incremento da seguran\u00e7a vi\u00e1ria e da trafegabilidade. O trabalho continua, agora com os projetos para as grandes entregas, das obras de amplia\u00e7\u00e3o de capacidade, que ir\u00e3o elevar ainda mais a qualidade das rodovias\u201d, comenta o diretor-presidente da EPR Litoral Pioneiro, Marcos Moreira.<\/p>\n\n\n\n<p><strong>Desenvolvimento sustent\u00e1vel<\/strong><br>O c\u00e1lculo para o reajuste da tarifa considera diversos fatores, como a tarifa b\u00e1sica determinada pelo Programa de Explora\u00e7\u00e3o da Rodovia, o \u00edndice de infla\u00e7\u00e3o anual, a extens\u00e3o da rodovia sob concess\u00e3o e interven\u00e7\u00f5es realizadas, al\u00e9m de outras avalia\u00e7\u00f5es t\u00e9cnicas.<\/p>\n\n\n\n<p>A medida garante o desenvolvimento sustent\u00e1vel do programa de concess\u00e3o e a EPR Litoral Pioneiro est\u00e1 comprometida em cumprir o que prev\u00ea o contrato, com o objetivo de oferecer aos usu\u00e1rios ainda mais seguran\u00e7a e qualidade para as rodovias, bem como o andamento dos projetos de infraestrutura rodovi\u00e1ria que ser\u00e3o entregues nos pr\u00f3ximos anos.<\/p>\n\n\n\n<p><strong>Benef\u00edcios e descontos<\/strong><br>As pra\u00e7as de ped\u00e1gio da EPR Litoral Pioneiro aceitam pagamento em dinheiro, cart\u00e3o de d\u00e9bito e cr\u00e9dito nas modalidades de inser\u00e7\u00e3o e aproxima\u00e7\u00e3o. Motocicletas e ve\u00edculos oficiais s\u00e3o isentos do pagamento da tarifa e os usu\u00e1rios que possuem em seus ve\u00edculos a TAG para pagamento autom\u00e1tico recebem descontos no valor da tarifa com os programas de benef\u00edcio.<\/p>\n\n\n\n<p>Todos os usu\u00e1rios com a TAG para pagamento autom\u00e1tico em seus ve\u00edculos recebem 5% de desconto no valor da tarifa com o DBT. J\u00e1 para os ve\u00edculos de passeio com o dispositivo, a redu\u00e7\u00e3o \u00e9 ainda mais vantajosa com a redu\u00e7\u00e3o progressiva a cada passagem pela pra\u00e7a de ped\u00e1gio com o DUF. A redu\u00e7\u00e3o na tarifa por meio do DUF \u00e9 aplicada a partir de um percentual fixo e varia conforme a pra\u00e7a de ped\u00e1gio.<\/p>\n\n\n\n<p>O DUF come\u00e7a a valer a partir da segunda passagem na mesma pra\u00e7a, no mesmo sentido da rodovia e dentro do mesmo m\u00eas de calend\u00e1rio. A cada passagem \u00e9 feita uma redu\u00e7\u00e3o progressiva no valor da tarifa, que ocorre at\u00e9 o trig\u00e9simo acesso. Nas passagens seguintes \u00e9 cobrado o valor da 30\u00aa passagem at\u00e9 o fim do m\u00eas.<\/p>\n\n\n\n<p>\u201cO DUF \u00e9 uma alternativa bastante vantajosa aos usu\u00e1rios frequentes e que pode contemplar mais usu\u00e1rios. Dados de julho deste ano mostram que 60% dos motoristas usu\u00e1rios das rodovias sob concess\u00e3o da EPR Litoral Pioneiro ainda podem se beneficiar desta redu\u00e7\u00e3o nas tarifas. Aderir aos sistemas eletr\u00f4nicos de pagamento proporciona mais conforto e rapidez, eliminando a necessidade de paradas nas cabines\u201d, destaca Moreira.<\/p>\n\n\n\n<p>EPR<\/p>\n","protected":false},"excerpt":{"rendered":"<p>A partir desta quinta-feira (28 de agosto) as tarifas aplicadas nas pra\u00e7as de ped\u00e1gio da EPR Litoral Pioneiro ter\u00e3o reajuste. A medida, prevista em contrato, foi autorizada pela Ag\u00eancia Nacional de Transportes Terrestres (ANTT) com base no trabalho executado pela empresa desde o in\u00edcio da concess\u00e3o, em fevereiro de 2024. Neste per\u00edodo, a concession\u00e1ria investiu [&hellip;]<\/p>\n","protected":false},"author":2,"featured_media":71778,"comment_status":"open","ping_status":"open","sticky":false,"template":"","format":"standard","meta":{"advanced_seo_description":"","jetpack_seo_html_title":"","jetpack_seo_noindex":false,"_jetpack_memberships_contains_paid_content":false,"footnotes":""},"categories":[40],"tags":[865],"class_list":{"0":"post-71777","1":"post","2":"type-post","3":"status-publish","4":"format-standard","5":"has-post-thumbnail","7":"category-destaques","8":"tag-epr"},"jetpack_featured_media_url":"https:\/\/www.paranapraia.com.br\/wp-content\/uploads\/2025\/08\/54033587230_acf354b51c_b.jpg","jetpack_sharing_enabled":true,"_links":{"self":[{"href":"https:\/\/www.paranapraia.com.br\/index.php\/wp-json\/wp\/v2\/posts\/71777"}],"collection":[{"href":"https:\/\/www.paranapraia.com.br\/index.php\/wp-json\/wp\/v2\/posts"}],"about":[{"href":"https:\/\/www.paranapraia.com.br\/index.php\/wp-json\/wp\/v2\/types\/post"}],"author":[{"embeddable":true,"href":"https:\/\/www.paranapraia.com.br\/index.php\/wp-json\/wp\/v2\/users\/2"}],"replies":[{"embeddable":true,"href":"https:\/\/www.paranapraia.com.br\/index.php\/wp-json\/wp\/v2\/comments?post=71777"}],"version-history":[{"count":1,"href":"https:\/\/www.paranapraia.com.br\/index.php\/wp-json\/wp\/v2\/posts\/71777\/revisions"}],"predecessor-version":[{"id":71779,"href":"https:\/\/www.paranapraia.com.br\/index.php\/wp-json\/wp\/v2\/posts\/71777\/revisions\/71779"}],"wp:featuredmedia":[{"embeddable":true,"href":"https:\/\/www.paranapraia.com.br\/index.php\/wp-json\/wp\/v2\/media\/71778"}],"wp:attachment":[{"href":"https:\/\/www.paranapraia.com.br\/index.php\/wp-json\/wp\/v2\/media?parent=71777"}],"wp:term":[{"taxonomy":"category","embeddable":true,"href":"https:\/\/www.paranapraia.com.br\/index.php\/wp-json\/wp\/v2\/categories?post=71777"},{"taxonomy":"post_tag","embeddable":true,"href":"https:\/\/www.paranapraia.com.br\/index.php\/wp-json\/wp\/v2\/tags?post=71777"}],"curies":[{"name":"wp","href":"https:\/\/api.w.org\/{rel}","templated":true}]}}