{"id":71695,"date":"2025-08-20T14:58:08","date_gmt":"2025-08-20T17:58:08","guid":{"rendered":"https:\/\/www.paranapraia.com.br\/?p=71695"},"modified":"2025-08-20T14:58:10","modified_gmt":"2025-08-20T17:58:10","slug":"litoral-paranaense-recebe-festival-internacional-de-projecao-mapeada-com-tema-sobre-preservacao-ambiental","status":"publish","type":"post","link":"https:\/\/www.paranapraia.com.br\/index.php\/2025\/08\/20\/litoral-paranaense-recebe-festival-internacional-de-projecao-mapeada-com-tema-sobre-preservacao-ambiental\/","title":{"rendered":"Litoral paranaense recebe Festival Internacional de Proje\u00e7\u00e3o Mapeada com tema sobre preserva\u00e7\u00e3o ambiental"},"content":{"rendered":"\n<p><em>Segunda edi\u00e7\u00e3o do&nbsp;<strong>Guar\u00e1 Mapping Festiva<\/strong>l ocorre nos dias 5 e 6 de setembro, em&nbsp;<strong>Guaratuba<\/strong>, com proje\u00e7\u00f5es na hist\u00f3rica Igreja Matriz de Nossa Senhora do Bom Sucesso.<br>Inscri\u00e7\u00f5es abertas para artistas visuais e do audiovisual<\/em><\/p>\n\n\n\n<p>Nos dias 5 e 6 de setembro, a cidade de&nbsp;<strong>Guaratuba<\/strong>, no litoral paranaense, recebe a nova edi\u00e7\u00e3o do&nbsp;<strong>Guar\u00e1 Mapping Festival &#8211; Festival Internacional de Proje\u00e7\u00e3o Mapeada.<\/strong>&nbsp;O evento gratuito contar\u00e1 com obras de diferentes artistas projetadas na fachada da Igreja Matriz de Nossa Senhora do Bom Sucesso, na Pra\u00e7a Matriz, no Centro. O pr\u00e9dio bicenten\u00e1rio \u00e9 a segunda igreja a ser tombada pelo Instituto do Patrim\u00f4nio Hist\u00f3rico e Art\u00edstico Nacional (IPHAN), localizado na cidade litor\u00e2nea que integra a maior faixa cont\u00ednua de Mata Atl\u00e2ntica preservada no Brasil.&nbsp;<\/p>\n\n\n\n<p>Com o tema&nbsp;<strong>\u201cPreservar \u00e9 Projetar o Futuro\u201d,<\/strong>&nbsp;as proje\u00e7\u00f5es dialogam, de forma sens\u00edvel e cr\u00edtica, com o contexto ambiental, evidenciando a urg\u00eancia da preserva\u00e7\u00e3o da biodiversidade e dos ecossistemas \u00fanicos que existem na regi\u00e3o, possibilitando reflex\u00f5es visuais potentes sobre as camadas de mem\u00f3ria, natureza e cultura.<\/p>\n\n\n\n<p><em>\u201cO Festival Internacional de Proje\u00e7\u00e3o promove uma op\u00e7\u00e3o \u00fanica de entretenimento para toda a fam\u00edlia, integrando o pr\u00e9dio hist\u00f3rico da cidade de Guaratuba e a consci\u00eancia ambiental, por meio de obras mapeadas de artistas de diferentes regi\u00f5es e pa\u00edses\u201d,<\/em>&nbsp;comenta&nbsp;<strong>Manolo Fraga<\/strong>, criador do festival .<\/p>\n\n\n\n<p><strong><u>Inscri\u00e7\u00f5es abertas<\/u><\/strong>&nbsp;<\/p>\n\n\n\n<p>Os artistas interessados em participar do&nbsp;<strong>Guar\u00e1 Mapping Festival &#8211; Festival Internacional de Proje\u00e7\u00e3o Mapeada&nbsp;<\/strong>podem se inscrever gratuitamente at\u00e9 o dia 26 de agosto pelo link&nbsp;<a href=\"https:\/\/www.guaramappingfestival.com\/\" target=\"_blank\" rel=\"noreferrer noopener\">https:\/\/www.guaramappingfestival.com\/<\/a><\/p>\n\n\n\n<p>As inscri\u00e7\u00f5es est\u00e3o dispon\u00edveis para duas categorias &#8211;&nbsp; \u201c<strong>Curtas<\/strong>\u201d e&nbsp; \u201c<strong>1Frame<\/strong>\u201d. Na categoria \u201c<strong>Curtas\u201d<\/strong>, valem trabalhos audiovisuais, anima\u00e7\u00f5es ou v\u00eddeos com \u00e1udio de 1 a 3 minutos, que envolvam qualquer tipo de t\u00e9cnica de filmagem, edi\u00e7\u00e3o, composi\u00e7\u00e3o,&nbsp;<em>stopmotion&nbsp;<\/em>e anima\u00e7\u00e3o 2D ou 3D. J\u00e1 em \u201c<strong>1Frame\u201d<\/strong>, ser\u00e3o aceitas imagens est\u00e1ticas, podendo ser desenhos, gravuras, ilustra\u00e7\u00f5es, fotografias, colagens, composi\u00e7\u00f5es e render 2D ou 3D.<\/p>\n\n\n\n<p>Todas as obras inscritas devem ser produzidas ou adequadas no formato da fachada da Igreja Matriz de Nossa Senhora do Bom Sucesso.<\/p>\n\n\n\n<p>Uma equipe de curadores ir\u00e1 selecionar as obras inscritas, preparando a programa\u00e7\u00e3o do evento para os dias de apresenta\u00e7\u00e3o. O Festival tamb\u00e9m ser\u00e1 transmitido pela internet.<\/p>\n\n\n\n<p><strong><u>Sobre a premia\u00e7\u00e3o<\/u><\/strong><\/p>\n\n\n\n<p>As obras projetadas concorrem a pr\u00eamios em dinheiro e \u00e0 licen\u00e7a de diferentes softwares profissionais de mapeamento.&nbsp;Os pr\u00eamios na categoria \u201c<strong>Curtas<\/strong>\u201d s\u00e3o de R$4.000 para o primeiro lugar, R$2.000 para o segundo e R$1.000 para o terceiro. Os tr\u00eas primeiros colocados ainda levam o software&nbsp;<strong>Resolume&nbsp;<\/strong>. O quarto lugar leva o pr\u00eamio de R$1.000.<\/p>\n\n\n\n<p>J\u00e1 na categoria \u201c<strong>1Frame<\/strong>\u201d, os pr\u00eamios s\u00e3o de R$1.000 e o software MadMapper para o primeiro colocado, e R$500 para o segundo e terceiro lugares.&nbsp;<\/p>\n\n\n\n<p><em>\u201cO Guar\u00e1 Mapping Festival tem o objetivo de estimular a arte audiovisual, disseminando a proje\u00e7\u00e3o mapeada e atingindo novos p\u00fablicos com temas relevantes. Al\u00e9m da premia\u00e7\u00e3o em dinheiro, oferecemos tamb\u00e9m a licen\u00e7a de softwares que s\u00e3o refer\u00eancia no segmento e que tem um valor bem alto para serem adquiridos\u201d<\/em>, finaliza Fraga.&nbsp;<\/p>\n\n\n\n<p>O&nbsp;<strong>Resolume Arena&nbsp;<\/strong>\u00e9 um software profissional que combina v\u00eddeo ao vivo e proje\u00e7\u00e3o mapeada, permitindo a manipula\u00e7\u00e3o e apresenta\u00e7\u00e3o de v\u00eddeos, imagens e efeitos em tempo real com recursos avan\u00e7ados para mapping e sincroniza\u00e7\u00e3o com \u00e1udio.&nbsp;<\/p>\n\n\n\n<p>Mais informa\u00e7\u00f5es sobre as inscri\u00e7\u00f5es podem ser conferidas no edital do<strong>&nbsp;II Guar\u00e1 Mapping Festival<\/strong>, dispon\u00edvel no site oficial:&nbsp;<a href=\"http:\/\/www.guaramappingfestival.com\/\" target=\"_blank\" rel=\"noreferrer noopener\">www.guaramappingfestival.com<\/a>. Acompanhe tamb\u00e9m as redes sociais oficinais do evento: Instagram (<a href=\"https:\/\/www.instagram.com\/guaramappingfestival\/\" target=\"_blank\" rel=\"noreferrer noopener\">@guaramappingfestival<\/a>), Facebook&nbsp;<a href=\"https:\/\/www.facebook.com\/guaramappingfestival\" target=\"_blank\" rel=\"noreferrer noopener\">(\/guaramappingfestival<\/a>) e&nbsp;<a href=\"https:\/\/www.youtube.com\/@guaramappingfestival3961\" target=\"_blank\" rel=\"noreferrer noopener\">Youtube<\/a>.<\/p>\n\n\n\n<p>O&nbsp;<strong>II Guar\u00e1 Mapping Festival &#8211; Festival Internacional de Proje\u00e7\u00e3o Mapeada&nbsp;<\/strong>tem produ\u00e7\u00e3o&nbsp;ILUMINOUS e Labirinto Produ\u00e7\u00f5es, com apoio da Copel, Secretaria Municipal de Cultura e Turismo de Guaratuba, Prefeitura Municipal de Guaratuba, Resolume, Mad Mapper e Garage Cube.&nbsp; Projeto aprovado no Programa Estadual de Fomento e Incentivo \u00e0 Cultura | PROFICE da Secretaria de Estado da Cultura | Governo do Estado do Paran\u00e1.&nbsp;<\/p>\n\n\n\n<p>Assessoria <\/p>\n","protected":false},"excerpt":{"rendered":"<p>Segunda edi\u00e7\u00e3o do&nbsp;Guar\u00e1 Mapping Festival ocorre nos dias 5 e 6 de setembro, em&nbsp;Guaratuba, com proje\u00e7\u00f5es na hist\u00f3rica Igreja Matriz de Nossa Senhora do Bom Sucesso.Inscri\u00e7\u00f5es abertas para artistas visuais e do audiovisual Nos dias 5 e 6 de setembro, a cidade de&nbsp;Guaratuba, no litoral paranaense, recebe a nova edi\u00e7\u00e3o do&nbsp;Guar\u00e1 Mapping Festival &#8211; Festival [&hellip;]<\/p>\n","protected":false},"author":2,"featured_media":71696,"comment_status":"open","ping_status":"open","sticky":false,"template":"","format":"standard","meta":{"advanced_seo_description":"","jetpack_seo_html_title":"","jetpack_seo_noindex":false,"_jetpack_memberships_contains_paid_content":false,"footnotes":""},"categories":[40,99],"tags":[333,1423],"class_list":{"0":"post-71695","1":"post","2":"type-post","3":"status-publish","4":"format-standard","5":"has-post-thumbnail","7":"category-destaques","8":"category-guaratuba","9":"tag-guaratuba","10":"tag-litoral-paranaense-recebe-festival-internacional-de-projecao-mapeada-com-tema-sobre-preservacao-ambiental"},"jetpack_featured_media_url":"https:\/\/www.paranapraia.com.br\/wp-content\/uploads\/2025\/08\/Litoral-paranaense-recebe-Festival-Internacional-de-Projecao-Mapeada-Cred-Divulgacao-1.jpg","jetpack_sharing_enabled":true,"_links":{"self":[{"href":"https:\/\/www.paranapraia.com.br\/index.php\/wp-json\/wp\/v2\/posts\/71695"}],"collection":[{"href":"https:\/\/www.paranapraia.com.br\/index.php\/wp-json\/wp\/v2\/posts"}],"about":[{"href":"https:\/\/www.paranapraia.com.br\/index.php\/wp-json\/wp\/v2\/types\/post"}],"author":[{"embeddable":true,"href":"https:\/\/www.paranapraia.com.br\/index.php\/wp-json\/wp\/v2\/users\/2"}],"replies":[{"embeddable":true,"href":"https:\/\/www.paranapraia.com.br\/index.php\/wp-json\/wp\/v2\/comments?post=71695"}],"version-history":[{"count":1,"href":"https:\/\/www.paranapraia.com.br\/index.php\/wp-json\/wp\/v2\/posts\/71695\/revisions"}],"predecessor-version":[{"id":71697,"href":"https:\/\/www.paranapraia.com.br\/index.php\/wp-json\/wp\/v2\/posts\/71695\/revisions\/71697"}],"wp:featuredmedia":[{"embeddable":true,"href":"https:\/\/www.paranapraia.com.br\/index.php\/wp-json\/wp\/v2\/media\/71696"}],"wp:attachment":[{"href":"https:\/\/www.paranapraia.com.br\/index.php\/wp-json\/wp\/v2\/media?parent=71695"}],"wp:term":[{"taxonomy":"category","embeddable":true,"href":"https:\/\/www.paranapraia.com.br\/index.php\/wp-json\/wp\/v2\/categories?post=71695"},{"taxonomy":"post_tag","embeddable":true,"href":"https:\/\/www.paranapraia.com.br\/index.php\/wp-json\/wp\/v2\/tags?post=71695"}],"curies":[{"name":"wp","href":"https:\/\/api.w.org\/{rel}","templated":true}]}}