{"id":7169,"date":"2019-04-18T14:40:05","date_gmt":"2019-04-18T17:40:05","guid":{"rendered":"https:\/\/www.paranapraia.com.br\/?p=7169"},"modified":"2019-04-18T14:40:06","modified_gmt":"2019-04-18T17:40:06","slug":"cesar-maia-meu-filho-na-presidencia-da-camara-e-um-premio-para-bolsonaro","status":"publish","type":"post","link":"https:\/\/www.paranapraia.com.br\/index.php\/2019\/04\/18\/cesar-maia-meu-filho-na-presidencia-da-camara-e-um-premio-para-bolsonaro\/","title":{"rendered":"Cesar Maia: &#8216;Meu filho na Presid\u00eancia da C\u00e2mara \u00e9 um pr\u00eamio para Bolsonaro&#8217;"},"content":{"rendered":"\n<p>Para o ex-prefeito e vereador Cesar Maia (DEM-RJ), o governo do presidente Jair\u00a0Bolsonaro\u00a0tem &#8220;tr\u00eas vetores que funcionam&#8221;, um quarto onde acontecem coisas &#8220;inacredit\u00e1veis&#8221;, e um trunfo.<\/p>\n\n\n\n<p>Os &#8220;que funcionam&#8221;, segundo disse em entrevista \u00e0 BBC News Brasil, s\u00e3o &#8220;o econ\u00f4mico-financeiro, que \u00e9 o (ministro da Economia) Paulo Guedes; o da seguran\u00e7a, que \u00e9 do (ministro da Justi\u00e7a Sergio) Moro; e o vetor administrativo, que s\u00e3o os militares no Planalto&#8221;.<\/p>\n\n\n\n<p>O vetor &#8220;desorganizado&#8221; tem representantes como o minist\u00e9rio da Educa\u00e7\u00e3o, que seriam alvo de influ\u00eancia &#8220;inacredit\u00e1vel&#8221; de olavistas &#8211; como s\u00e3o conhecidos os seguidores do escritor Olavo de Carvalho.<\/p>\n\n\n\n<p>J\u00e1 o trunfo atende por seu sobrenome e heran\u00e7a gen\u00e9tica: o presidente da C\u00e2mara dos Deputados, Rodrigo Maia. Segundo Maia pai, o filho \u00e9 um pol\u00edtico com rara capacidade de ouvir e talento para negociar, conciliar, articular.<\/p>\n\n\n\n<p>&#8220;Isso \u00e9 um pr\u00eamio para o presidente da Rep\u00fablica&#8221;, diz Maia pai, comparando a rela\u00e7\u00e3o com o que o deputado do antigo PFL (hoje DEM) Lu\u00eds Eduardo Magalh\u00e3es foi para o presidente Fernando Henrique Cardoso (PSDB). &#8220;Ele tem esse estilo de negocia\u00e7\u00e3o, de convencimento, de argumenta\u00e7\u00e3o, e ele (Bolsonaro) pode discutir coisas que t\u00eam que caminhar, e a\u00ed elas andam. S\u00f3 que a\u00ed de repente voc\u00ea tem um curto-circuito&#8230;&#8221;<\/p>\n\n\n\n<p> Um curto-circuito ocorreu no fim de mar\u00e7o, quando Rodrigo Maia e Bolsonaro protagonizaram uma queda de bra\u00e7os pol\u00edtica, e Maia, irritado com a falta de articula\u00e7\u00e3o para aprovar a Reforma da Previd\u00eancia no Congresso, afirmou que o presidente estava &#8220;brincando de governar&#8221;. <\/p>\n\n\n\n<p>Para Cesar, entretanto, a crise n\u00e3o teve consequ\u00eancias mais graves porque Rodrigo &#8220;sabe ouvir por uma orelha e deixar sair pela outra&#8221;. &#8220;Ele d\u00e1 o troco dele no momento certo, como j\u00e1 deu&#8221;, diz o ex-prefeito. Em meio \u00e0 crise, a C\u00e2mara aprovou, de supet\u00e3o, uma proposta que torna obrigat\u00f3ria a libera\u00e7\u00e3o de verbas para custear iniciativas de emendas de parlamentares inclu\u00eddas no Or\u00e7amento, impondo uma derrota ao governo.<\/p>\n\n\n\n<p>Prefeito mais longevo do Rio, com tr\u00eas mandatos (1993-1996 e 2001-2008), Cesar Maia recebeu a reportagem em seu gabinete na C\u00e2mara dos Vereadores do Rio. Vestia um blazer xadrez sobre uma camisa listrada, cal\u00e7a de malha esportiva e t\u00eanis de corrida. A casa est\u00e1 \u00e0s voltas com um processo de impeachment contra o atual alcaide, Marcelo Crivella (PRB-RJ).<\/p>\n\n\n\n<p>BBC<\/p>\n","protected":false},"excerpt":{"rendered":"<p>Para o ex-prefeito e vereador Cesar Maia (DEM-RJ), o governo do presidente Jair\u00a0Bolsonaro\u00a0tem &#8220;tr\u00eas vetores que funcionam&#8221;, um quarto onde acontecem coisas &#8220;inacredit\u00e1veis&#8221;, e um trunfo. Os &#8220;que funcionam&#8221;, segundo disse em entrevista \u00e0 BBC News Brasil, s\u00e3o &#8220;o econ\u00f4mico-financeiro, que \u00e9 o (ministro da Economia) Paulo Guedes; o da seguran\u00e7a, que \u00e9 do (ministro [&hellip;]<\/p>\n","protected":false},"author":2,"featured_media":7170,"comment_status":"open","ping_status":"open","sticky":false,"template":"","format":"standard","meta":{"advanced_seo_description":"","jetpack_seo_html_title":"","jetpack_seo_noindex":false,"_jetpack_memberships_contains_paid_content":false,"footnotes":""},"categories":[32],"tags":[],"class_list":{"0":"post-7169","1":"post","2":"type-post","3":"status-publish","4":"format-standard","5":"has-post-thumbnail","7":"category-politica"},"jetpack_featured_media_url":"https:\/\/www.paranapraia.com.br\/wp-content\/uploads\/2019\/04\/la.jpg","jetpack_sharing_enabled":true,"_links":{"self":[{"href":"https:\/\/www.paranapraia.com.br\/index.php\/wp-json\/wp\/v2\/posts\/7169"}],"collection":[{"href":"https:\/\/www.paranapraia.com.br\/index.php\/wp-json\/wp\/v2\/posts"}],"about":[{"href":"https:\/\/www.paranapraia.com.br\/index.php\/wp-json\/wp\/v2\/types\/post"}],"author":[{"embeddable":true,"href":"https:\/\/www.paranapraia.com.br\/index.php\/wp-json\/wp\/v2\/users\/2"}],"replies":[{"embeddable":true,"href":"https:\/\/www.paranapraia.com.br\/index.php\/wp-json\/wp\/v2\/comments?post=7169"}],"version-history":[{"count":1,"href":"https:\/\/www.paranapraia.com.br\/index.php\/wp-json\/wp\/v2\/posts\/7169\/revisions"}],"predecessor-version":[{"id":7171,"href":"https:\/\/www.paranapraia.com.br\/index.php\/wp-json\/wp\/v2\/posts\/7169\/revisions\/7171"}],"wp:featuredmedia":[{"embeddable":true,"href":"https:\/\/www.paranapraia.com.br\/index.php\/wp-json\/wp\/v2\/media\/7170"}],"wp:attachment":[{"href":"https:\/\/www.paranapraia.com.br\/index.php\/wp-json\/wp\/v2\/media?parent=7169"}],"wp:term":[{"taxonomy":"category","embeddable":true,"href":"https:\/\/www.paranapraia.com.br\/index.php\/wp-json\/wp\/v2\/categories?post=7169"},{"taxonomy":"post_tag","embeddable":true,"href":"https:\/\/www.paranapraia.com.br\/index.php\/wp-json\/wp\/v2\/tags?post=7169"}],"curies":[{"name":"wp","href":"https:\/\/api.w.org\/{rel}","templated":true}]}}