{"id":71689,"date":"2025-08-19T16:21:35","date_gmt":"2025-08-19T19:21:35","guid":{"rendered":"https:\/\/www.paranapraia.com.br\/?p=71689"},"modified":"2025-08-19T16:21:37","modified_gmt":"2025-08-19T19:21:37","slug":"prefeito-adriano-ramos-chama-reajuste-da-paranagua-saneamento-de-abusivo-e-promete-recorrer-na-justica","status":"publish","type":"post","link":"https:\/\/www.paranapraia.com.br\/index.php\/2025\/08\/19\/prefeito-adriano-ramos-chama-reajuste-da-paranagua-saneamento-de-abusivo-e-promete-recorrer-na-justica\/","title":{"rendered":"Prefeito Adriano Ramos chama reajuste da Paranagu\u00e1 Saneamento de abusivo e promete recorrer na Justi\u00e7a"},"content":{"rendered":"\n<p>O prefeito de Paranagu\u00e1, Adriano Ramos, concedeu coletiva de imprensa nesta ter\u00e7a-feira (19) para se posicionar sobre a decis\u00e3o judicial que autorizou a Paranagu\u00e1 Saneamento a aplicar um reajuste de 23,92% nas tarifas de \u00e1gua e esgoto a partir de 19 de setembro. O aumento decorre de a\u00e7\u00e3o judicial movida pela concession\u00e1ria, que reivindicou reajustes referentes aos anos de 2021 e 2022, alegando direito previsto no contrato de concess\u00e3o e homologado pela ag\u00eancia reguladora Central de \u00c1gua, Esgoto e Servi\u00e7os Concedidos do Litoral do Paran\u00e1 (Cagepar) em 14 de outubro do ano passado.<\/p>\n\n\n\n<p>Durante a coletiva, Adriano Ramos classificou o aumento como abusivo e injusto, reafirmando que a Prefeitura n\u00e3o compactua com a medida e que ir\u00e1 recorrer da decis\u00e3o. \u201cQuero deixar claro que n\u00e3o sou amigo da Paranagu\u00e1 Saneamento. Sou inimigo da empresa porque ela \u00e9 inimiga da popula\u00e7\u00e3o. N\u00f3s j\u00e1 aplicamos mais de R$3,3 milh\u00f5es em multas por irregularidades, constatamos dezenas de pontos de esgoto lan\u00e7ado in natura em nossos rios e seguimos combatendo esse desservi\u00e7o. Comigo, n\u00e3o h\u00e1 acordo: aqui \u00e9 guerra, e eu vou defender a nossa cidade at\u00e9 as \u00faltimas consequ\u00eancias\u201d, afirmou o prefeito.<\/p>\n\n\n\n<p><strong>Como se chegou ao aumento<\/strong><\/p>\n\n\n\n<p>De acordo com a peti\u00e7\u00e3o inicial apresentada pela concession\u00e1ria, o contrato de concess\u00e3o de 2012 garante o direito a reajustes anuais para preservar o equil\u00edbrio econ\u00f4mico-financeiro. A empresa argumenta que apresentou, em 2021 e 2022, os c\u00e1lculos de reajuste conforme f\u00f3rmula param\u00e9trica prevista, mas que a homologa\u00e7\u00e3o foi retardada por discuss\u00f5es sobre \u00edndices substitutos e pela omiss\u00e3o do poder concedente.<\/p>\n\n\n\n<p>Em 14 de outubro de 2024, exatamente uma semana ap\u00f3s as elei\u00e7\u00f5es municipais, o Conselho de Regula\u00e7\u00e3o da Cagepar aprovou parecer t\u00e9cnico validando os \u00edndices aplicados pela concession\u00e1ria para os reajustes de 2022, 2023 e 2024. Na mesma ocasi\u00e3o, ficou reconhecida a regularidade dos pleitos anteriores. A decis\u00e3o serviu de base para o pedido judicial, que resultou na autoriza\u00e7\u00e3o do reajuste retroativo agora aplicado.<\/p>\n\n\n\n<p>Na vis\u00e3o do prefeito Adriano Ramos, no entanto, essa autoriza\u00e7\u00e3o teve car\u00e1ter pol\u00edtico. \u201cO ex-prefeito Marcelo Roque, que teve seu candidato derrotado nas urnas, permitiu que um conselho indicado por ele aprovasse, uma semana ap\u00f3s a elei\u00e7\u00e3o, esse aumento de 23,92%. \u00c9 uma manobra para prejudicar a popula\u00e7\u00e3o e a cidade. Isso eu n\u00e3o vou deixar barato\u201d, destacou.<\/p>\n\n\n\n<p><strong>Medidas da Prefeitura<\/strong><\/p>\n\n\n\n<p>O prefeito anunciou que o corpo jur\u00eddico da Prefeitura est\u00e1 preparando recurso para tentar reverter o aumento e que ser\u00e1 contratada uma auditoria independente para avaliar os c\u00e1lculos da concession\u00e1ria. \u201cAo longo dos anos, a empresa aumentou valores em at\u00e9 600% al\u00e9m do permitido. Isso \u00e9 um verdadeiro absurdo, e n\u00f3s vamos contestar na Justi\u00e7a\u201d, refor\u00e7ou.<\/p>\n\n\n\n<p>Al\u00e9m das medidas jur\u00eddicas, a Administra\u00e7\u00e3o Municipal seguir\u00e1 aplicando san\u00e7\u00f5es ambientais. A Secretaria Municipal de Meio Ambiente (Semma) j\u00e1 identificou 15 pontos de despejo irregular de esgoto, al\u00e9m de mais de mil contas de consumidores que pagam por tratamento inexistente. \u201cEles cobram por um servi\u00e7o que n\u00e3o prestam, e tamb\u00e9m praticam crime ambiental\u201d, disse o chefe do Executivo Municipal.<\/p>\n\n\n\n<p>Adriano Ramos tamb\u00e9m afirmou que estuda medidas para rescindir o contrato de concess\u00e3o, que tem validade at\u00e9 2045. \u201cJ\u00e1 temos provas suficientes de descumprimento contratual, de crimes ambientais e de preju\u00edzos \u00e0 popula\u00e7\u00e3o. O processo para a sa\u00edda da empresa est\u00e1 em andamento. A cidade n\u00e3o aguenta mais esse servi\u00e7o prec\u00e1rio\u201d, declarou.<\/p>\n\n\n\n<p>Ao final da coletiva, ele destacou que a luta contra a concession\u00e1ria ser\u00e1 coletiva. \u201cVou precisar da popula\u00e7\u00e3o ao nosso lado, porque o povo de Paranagu\u00e1 n\u00e3o pode pagar essa conta. A minha promessa de campanha foi acabar com a farra da Paranagu\u00e1 Saneamento, e \u00e9 isso que estamos fazendo\u201d, concluiu.<\/p>\n\n\n\n<p>Assessoria<\/p>\n","protected":false},"excerpt":{"rendered":"<p>O prefeito de Paranagu\u00e1, Adriano Ramos, concedeu coletiva de imprensa nesta ter\u00e7a-feira (19) para se posicionar sobre a decis\u00e3o judicial que autorizou a Paranagu\u00e1 Saneamento a aplicar um reajuste de 23,92% nas tarifas de \u00e1gua e esgoto a partir de 19 de setembro. O aumento decorre de a\u00e7\u00e3o judicial movida pela concession\u00e1ria, que reivindicou reajustes [&hellip;]<\/p>\n","protected":false},"author":2,"featured_media":71690,"comment_status":"open","ping_status":"open","sticky":false,"template":"","format":"standard","meta":{"advanced_seo_description":"","jetpack_seo_html_title":"","jetpack_seo_noindex":false,"_jetpack_memberships_contains_paid_content":false,"footnotes":""},"categories":[40,77],"tags":[321,1419],"class_list":{"0":"post-71689","1":"post","2":"type-post","3":"status-publish","4":"format-standard","5":"has-post-thumbnail","7":"category-destaques","8":"category-paranagua","9":"tag-paranagua","10":"tag-prefeito-adriano-ramos-chama-reajuste-da-paranagua-saneamento-de-abusivo-e-promete-recorrer-na-justica"},"jetpack_featured_media_url":"https:\/\/www.paranapraia.com.br\/wp-content\/uploads\/2025\/08\/thumb-1.jpeg","jetpack_sharing_enabled":true,"_links":{"self":[{"href":"https:\/\/www.paranapraia.com.br\/index.php\/wp-json\/wp\/v2\/posts\/71689"}],"collection":[{"href":"https:\/\/www.paranapraia.com.br\/index.php\/wp-json\/wp\/v2\/posts"}],"about":[{"href":"https:\/\/www.paranapraia.com.br\/index.php\/wp-json\/wp\/v2\/types\/post"}],"author":[{"embeddable":true,"href":"https:\/\/www.paranapraia.com.br\/index.php\/wp-json\/wp\/v2\/users\/2"}],"replies":[{"embeddable":true,"href":"https:\/\/www.paranapraia.com.br\/index.php\/wp-json\/wp\/v2\/comments?post=71689"}],"version-history":[{"count":1,"href":"https:\/\/www.paranapraia.com.br\/index.php\/wp-json\/wp\/v2\/posts\/71689\/revisions"}],"predecessor-version":[{"id":71691,"href":"https:\/\/www.paranapraia.com.br\/index.php\/wp-json\/wp\/v2\/posts\/71689\/revisions\/71691"}],"wp:featuredmedia":[{"embeddable":true,"href":"https:\/\/www.paranapraia.com.br\/index.php\/wp-json\/wp\/v2\/media\/71690"}],"wp:attachment":[{"href":"https:\/\/www.paranapraia.com.br\/index.php\/wp-json\/wp\/v2\/media?parent=71689"}],"wp:term":[{"taxonomy":"category","embeddable":true,"href":"https:\/\/www.paranapraia.com.br\/index.php\/wp-json\/wp\/v2\/categories?post=71689"},{"taxonomy":"post_tag","embeddable":true,"href":"https:\/\/www.paranapraia.com.br\/index.php\/wp-json\/wp\/v2\/tags?post=71689"}],"curies":[{"name":"wp","href":"https:\/\/api.w.org\/{rel}","templated":true}]}}