{"id":71678,"date":"2025-08-19T08:59:55","date_gmt":"2025-08-19T11:59:55","guid":{"rendered":"https:\/\/www.paranapraia.com.br\/?p=71678"},"modified":"2025-08-19T08:59:57","modified_gmt":"2025-08-19T11:59:57","slug":"centro-juvenil-de-artes-plasticas-ainda-tem-vagas-em-seis-oficinas-para-o-2o-semestre","status":"publish","type":"post","link":"https:\/\/www.paranapraia.com.br\/index.php\/2025\/08\/19\/centro-juvenil-de-artes-plasticas-ainda-tem-vagas-em-seis-oficinas-para-o-2o-semestre\/","title":{"rendered":"Centro Juvenil de Artes Pl\u00e1sticas ainda tem vagas em seis oficinas para o 2\u00ba semestre"},"content":{"rendered":"\n<p>O Centro Juvenil de Artes Pl\u00e1sticas (CJA), espa\u00e7o cultural pertencente \u00e0 Secretaria da Cultura do Paran\u00e1, anuncia que h\u00e1 vagas remanescentes na institui\u00e7\u00e3o para o segundo semestre. O prazo para matr\u00edcula \u00e9 at\u00e9 29 de agosto.<\/p>\n\n\n\n<p>S\u00e3o seis oficinas dispon\u00edveis, todas gratuitas:&nbsp;Arte e Modelagem em Argila, Artes Visuais, Desenho, T\u00e9cnicas Art\u00edsticas, Cinema e Seus Processos Criativos e Teatro. Para se inscrever no CJAP a faixa et\u00e1ria \u00e9 de 8 anos completos a 17 anos.<\/p>\n\n\n\n<p>Como as vagas s\u00e3o restritas, antes de ir pessoalmente ao CJAP fazer a matr\u00edcula, o respons\u00e1vel pela crian\u00e7a ou adolescente deve ligar para a equipe do CJAP, nos telefones (41) 3323-5643 ou (41) 3323-7482, para consultar quais vagas ainda est\u00e3o dispon\u00edveis e as turmas abertas que contemplem a idade do aluno.<\/p>\n\n\n\n<p><strong>INSCRI\u00c7\u00c3O&nbsp;<\/strong>\u2013 Ap\u00f3s receber as instru\u00e7\u00f5es do CJAP sobre as vagas, o respons\u00e1vel poder\u00e1 efetuar a matr\u00edcula presencialmente na institui\u00e7\u00e3o, que permanece aberta de segunda a sexta, das 9h \u00e0s 11h e das 14h \u00e0s 16h, para receber novos inscritos at\u00e9 o dia 29 de agosto.<\/p>\n\n\n\n<p>O respons\u00e1vel pela crian\u00e7a ou adolescente deve fazer a matr\u00edcula pessoalmente na secretaria do CJAP, na Rua Mateus Leme, 56, com os documentos requeridos, seguindo previamente as orienta\u00e7\u00f5es abaixo, v\u00e1lidas para inscri\u00e7\u00e3o em todas as oficinas:<\/p>\n\n\n\n<p>&#8211; Baixar e imprimir a ficha de inscri\u00e7\u00e3o dispon\u00edvel&nbsp;<strong><a href=\"https:\/\/www.cjap.pr.gov.br\/sites\/cjap\/arquivos_restritos\/files\/documento\/2025-07\/ficha_de_matricula_site_correto.pdf\" target=\"_blank\" rel=\"noreferrer noopener\">AQUI<\/a><\/strong>. Vale para todas as oficinas;<\/p>\n\n\n\n<p>&#8211; Preencher corretamente as informa\u00e7\u00f5es com letra leg\u00edvel (esse ser\u00e1 o documento com as informa\u00e7\u00f5es do aluno que ficar\u00e3o registradas);<\/p>\n\n\n\n<p>&#8211; No espa\u00e7o destinado \u00e0 fotografia do aluno, levar uma foto 3&#215;4 atual para anexar na ficha ou foto impressa na pr\u00f3pria ficha de matr\u00edcula;<\/p>\n\n\n\n<p>&#8211; N\u00e3o preencher o espa\u00e7o com o nome da oficina. Isso ser\u00e1 feito no ato da matr\u00edcula pela equipe do CJAP;<\/p>\n\n\n\n<p>&#8211; Para novos alunos, levar c\u00f3pia do documento de identifica\u00e7\u00e3o (RG) do aluno. Se n\u00e3o possuir RG, levar uma c\u00f3pia da certid\u00e3o de nascimento. Esse documento ficar\u00e1 arquivado no CJAP. N\u00e3o ser\u00e3o aceitos outros documentos;<\/p>\n\n\n\n<p>&#8211; Depois de preenchida a ficha, com a c\u00f3pia do documento e foto em m\u00e3os, ir presencialmente ao CJAP para efetivar a matr\u00edcula;<\/p>\n\n\n\n<p>&#8211; A inscri\u00e7\u00e3o \u00e9 feita por ordem de chegada, n\u00e3o sendo permitida a reserva de vagas por telefone ou e-mail;<\/p>\n\n\n\n<p>&#8211; N\u00e3o ser\u00e1 efetuada nenhuma matr\u00edcula sem a ficha de inscri\u00e7\u00e3o previamente preenchida, bem como sem c\u00f3pia do documento do aluno e foto.<\/p>\n\n\n\n<p>D\u00favidas podem ser encaminhadas ao e-mail educativocjap@gmail.com ou esclarecidas pelos telefones (41) 3323-5643 ou (41) 3323-7482.<\/p>\n\n\n\n<p>AEN<\/p>\n","protected":false},"excerpt":{"rendered":"<p>O Centro Juvenil de Artes Pl\u00e1sticas (CJA), espa\u00e7o cultural pertencente \u00e0 Secretaria da Cultura do Paran\u00e1, anuncia que h\u00e1 vagas remanescentes na institui\u00e7\u00e3o para o segundo semestre. O prazo para matr\u00edcula \u00e9 at\u00e9 29 de agosto. S\u00e3o seis oficinas dispon\u00edveis, todas gratuitas:&nbsp;Arte e Modelagem em Argila, Artes Visuais, Desenho, T\u00e9cnicas Art\u00edsticas, Cinema e Seus Processos [&hellip;]<\/p>\n","protected":false},"author":2,"featured_media":71679,"comment_status":"open","ping_status":"open","sticky":false,"template":"","format":"standard","meta":{"advanced_seo_description":"","jetpack_seo_html_title":"","jetpack_seo_noindex":false,"_jetpack_memberships_contains_paid_content":false,"footnotes":""},"categories":[40],"tags":[1417,319],"class_list":{"0":"post-71678","1":"post","2":"type-post","3":"status-publish","4":"format-standard","5":"has-post-thumbnail","7":"category-destaques","8":"tag-centro-juvenil-de-artes-plasticas-ainda-tem-vagas-em-seis-oficinas-para-o-2o-semestre","9":"tag-parana"},"jetpack_featured_media_url":"https:\/\/www.paranapraia.com.br\/wp-content\/uploads\/2025\/08\/cjap_-_turma_de_artes_visuais_para_o_dia_das_maes_-_anderson_tozatoseec_05-scaled.jpg","jetpack_sharing_enabled":true,"_links":{"self":[{"href":"https:\/\/www.paranapraia.com.br\/index.php\/wp-json\/wp\/v2\/posts\/71678"}],"collection":[{"href":"https:\/\/www.paranapraia.com.br\/index.php\/wp-json\/wp\/v2\/posts"}],"about":[{"href":"https:\/\/www.paranapraia.com.br\/index.php\/wp-json\/wp\/v2\/types\/post"}],"author":[{"embeddable":true,"href":"https:\/\/www.paranapraia.com.br\/index.php\/wp-json\/wp\/v2\/users\/2"}],"replies":[{"embeddable":true,"href":"https:\/\/www.paranapraia.com.br\/index.php\/wp-json\/wp\/v2\/comments?post=71678"}],"version-history":[{"count":1,"href":"https:\/\/www.paranapraia.com.br\/index.php\/wp-json\/wp\/v2\/posts\/71678\/revisions"}],"predecessor-version":[{"id":71680,"href":"https:\/\/www.paranapraia.com.br\/index.php\/wp-json\/wp\/v2\/posts\/71678\/revisions\/71680"}],"wp:featuredmedia":[{"embeddable":true,"href":"https:\/\/www.paranapraia.com.br\/index.php\/wp-json\/wp\/v2\/media\/71679"}],"wp:attachment":[{"href":"https:\/\/www.paranapraia.com.br\/index.php\/wp-json\/wp\/v2\/media?parent=71678"}],"wp:term":[{"taxonomy":"category","embeddable":true,"href":"https:\/\/www.paranapraia.com.br\/index.php\/wp-json\/wp\/v2\/categories?post=71678"},{"taxonomy":"post_tag","embeddable":true,"href":"https:\/\/www.paranapraia.com.br\/index.php\/wp-json\/wp\/v2\/tags?post=71678"}],"curies":[{"name":"wp","href":"https:\/\/api.w.org\/{rel}","templated":true}]}}