{"id":71672,"date":"2025-08-19T08:54:46","date_gmt":"2025-08-19T11:54:46","guid":{"rendered":"https:\/\/www.paranapraia.com.br\/?p=71672"},"modified":"2025-08-19T08:54:48","modified_gmt":"2025-08-19T11:54:48","slug":"consciencia-corporal-curso-gratuito-do-teatro-guaira-estreia-com-imersao-teorica-e-pratica","status":"publish","type":"post","link":"https:\/\/www.paranapraia.com.br\/index.php\/2025\/08\/19\/consciencia-corporal-curso-gratuito-do-teatro-guaira-estreia-com-imersao-teorica-e-pratica\/","title":{"rendered":"Consci\u00eancia corporal: curso gratuito do Teatro Gua\u00edra estreia com imers\u00e3o te\u00f3rica e pr\u00e1tica"},"content":{"rendered":"\n<p>Explorar os movimentos do corpo, o autoconhecimento e a express\u00e3o art\u00edstica. Esse foi o ponto de partida da primeira edi\u00e7\u00e3o do curso gratuito \u201cConsci\u00eancia Corporal e Integra\u00e7\u00e3o Som\u00e1tica\u201d, promovido pelo Centro Cultural Teatro Gua\u00edra. A estreia, realizada no \u00faltimo fim de semana (16 e 17), reuniu artistas e educadores em dois dias de imers\u00e3o pr\u00e1tica e te\u00f3rica no Teatro Gua\u00edra, em Curitiba.<\/p>\n\n\n\n<p>Ministrado por Carlos Cavalcante \u2014 bailarino, core\u00f3grafo, fisioterapeuta e servidor de carreira do Teatro Gua\u00edra \u2014, as aulas contaram com participa\u00e7\u00e3o ativa dos alunos, que aprovaram a iniciativa. Entre eles estava a fisioterapeuta, educadora f\u00edsica e professora de yoga Silmara Mielke, que destacou a liberdade criativa proporcionada pelo m\u00e9todo.<\/p>\n\n\n\n<p>\u201cComo eu sou da \u00e1rea do movimento, eu estou amando esse curso. O professor Carlos \u00e9 espetacular, porque ele te d\u00e1 a liberdade de executar o seu movimento sem exigir que voc\u00ea seja perfeita, \u00e9 isso que \u00e9 legal\u201d, afirmou.<\/p>\n\n\n\n<p>A atriz J\u00falia Eduardo Ribeiro tamb\u00e9m destacou a relev\u00e2ncia da iniciativa. \u201cEu acho que \u00e9 muito importante para a gente que trabalha com o corpo o tempo todo, sempre explorar novas \u00e1reas, porque por mais que a gente estude, sempre tem coisa para aprender. S\u00e3o sensa\u00e7\u00f5es diferentes e coisas novas que a gente descobre em cursos como esse\u201d, disse.<\/p>\n\n\n\n<p>Segundo ela, a gratuidade tamb\u00e9m foi um diferencial: \u201cA gente tem pouco acesso a cursos gratuitos com um aprofundamento t\u00e3o grande. Tamb\u00e9m me chamou muito a aten\u00e7\u00e3o por serem aulas n\u00e3o s\u00f3 pr\u00e1ticas, mas te\u00f3ricas tamb\u00e9m. \u00c9 muito importante a gente aprender fundamentos e teorias sobre o nosso corpo, e eu acho que o professor Carlos traz isso muito bem\u201d, completou a atriz.<\/p>\n\n\n\n<p>J\u00e1 para a cantora e atriz Mariana Larissa Basso, o curso representa uma oportunidade de ampliar a percep\u00e7\u00e3o corporal. \u201cA gente que \u00e9 artista sabe como \u00e9 importante ter essa consci\u00eancia corporal, e \u00e9 exatamente o que o curso traz, com fundamentos te\u00f3ricos e pr\u00e1ticos. Est\u00e1 sendo incr\u00edvel\u201d, avaliou.<\/p>\n\n\n\n<p>De acordo com Carlos Cavalcante, a diversidade dos participantes enriquece o processo. \u201cEsse curso \u00e9 uma imers\u00e3o na corporalidade e nos seus fazeres. \u00c9 muito importante disponibilizarmos essa forma\u00e7\u00e3o de maneira gratuita, valorizando os profissionais das artes c\u00eanicas. \u00c9 uma contribui\u00e7\u00e3o para o aprimoramento e para a aquisi\u00e7\u00e3o de conhecimento do p\u00fablico\u201d, afirma.<\/p>\n\n\n\n<p><strong>PR\u00d3XIMAS EDI\u00c7\u00d5ES \u2014&nbsp;<\/strong>Ser\u00e3o realizadas mais 10 edi\u00e7\u00f5es do curso em Curitiba neste ano, todas j\u00e1 com vagas esgotadas. O curso tamb\u00e9m ser\u00e1 levado para outras cidades do Paran\u00e1: em Jacarezinho, nos dias 23 e 24 de agosto (vagas esgotadas), e em Arapongas, nos dias 20 e 21 de setembro. O curso j\u00e1 tem nova edi\u00e7\u00e3o confirmada para Curitiba em 2026, com in\u00edcio previsto a partir de janeiro. A abertura de inscri\u00e7\u00f5es ser\u00e1 anunciada no site e nas redes sociais do Teatro Gua\u00edra.<\/p>\n\n\n\n<p><strong>SOBRE O MINISTRANTE \u2014<\/strong>&nbsp;Carlos Cavalcante tem uma trajet\u00f3ria consolidada nas artes c\u00eanicas e na educa\u00e7\u00e3o som\u00e1tica. Formado pela Escola de Dan\u00e7as Maria Olenewa (RJ), foi bailarino do Bal\u00e9 Teatro Gua\u00edra entre 1990 e 1997, onde tamb\u00e9m assinou coreografias no projeto Atelier Coreogr\u00e1fico. Atuou como professor na Escola de Dan\u00e7a Teatro Gua\u00edra, no Bal\u00e9 Teatro Gua\u00edra e no G2 Cia de Dan\u00e7a.<\/p>\n\n\n\n<p>Com passagem por importantes projetos sociais como arte-educador, integrou ainda a equipe de implanta\u00e7\u00e3o da Escola do Teatro Bolshoi no Brasil, onde tamb\u00e9m foi professor. Atualmente, al\u00e9m de fisioterapeuta especializado em pr\u00e1ticas integrativas, Cavalcante desenvolve trabalhos como DJ, produtor musical e performer, unindo corpo, som e movimento.<\/p>\n","protected":false},"excerpt":{"rendered":"<p>Explorar os movimentos do corpo, o autoconhecimento e a express\u00e3o art\u00edstica. Esse foi o ponto de partida da primeira edi\u00e7\u00e3o do curso gratuito \u201cConsci\u00eancia Corporal e Integra\u00e7\u00e3o Som\u00e1tica\u201d, promovido pelo Centro Cultural Teatro Gua\u00edra. A estreia, realizada no \u00faltimo fim de semana (16 e 17), reuniu artistas e educadores em dois dias de imers\u00e3o pr\u00e1tica [&hellip;]<\/p>\n","protected":false},"author":2,"featured_media":71673,"comment_status":"open","ping_status":"open","sticky":false,"template":"","format":"standard","meta":{"advanced_seo_description":"","jetpack_seo_html_title":"","jetpack_seo_noindex":false,"_jetpack_memberships_contains_paid_content":false,"footnotes":""},"categories":[40],"tags":[1415,319],"class_list":{"0":"post-71672","1":"post","2":"type-post","3":"status-publish","4":"format-standard","5":"has-post-thumbnail","7":"category-destaques","8":"tag-consciencia-corporal-curso-gratuito-do-teatro-guaira-estreia-com-imersao-teorica-e-pratica","9":"tag-parana"},"jetpack_featured_media_url":"https:\/\/www.paranapraia.com.br\/wp-content\/uploads\/2025\/08\/img_0529.jpg","jetpack_sharing_enabled":true,"_links":{"self":[{"href":"https:\/\/www.paranapraia.com.br\/index.php\/wp-json\/wp\/v2\/posts\/71672"}],"collection":[{"href":"https:\/\/www.paranapraia.com.br\/index.php\/wp-json\/wp\/v2\/posts"}],"about":[{"href":"https:\/\/www.paranapraia.com.br\/index.php\/wp-json\/wp\/v2\/types\/post"}],"author":[{"embeddable":true,"href":"https:\/\/www.paranapraia.com.br\/index.php\/wp-json\/wp\/v2\/users\/2"}],"replies":[{"embeddable":true,"href":"https:\/\/www.paranapraia.com.br\/index.php\/wp-json\/wp\/v2\/comments?post=71672"}],"version-history":[{"count":1,"href":"https:\/\/www.paranapraia.com.br\/index.php\/wp-json\/wp\/v2\/posts\/71672\/revisions"}],"predecessor-version":[{"id":71674,"href":"https:\/\/www.paranapraia.com.br\/index.php\/wp-json\/wp\/v2\/posts\/71672\/revisions\/71674"}],"wp:featuredmedia":[{"embeddable":true,"href":"https:\/\/www.paranapraia.com.br\/index.php\/wp-json\/wp\/v2\/media\/71673"}],"wp:attachment":[{"href":"https:\/\/www.paranapraia.com.br\/index.php\/wp-json\/wp\/v2\/media?parent=71672"}],"wp:term":[{"taxonomy":"category","embeddable":true,"href":"https:\/\/www.paranapraia.com.br\/index.php\/wp-json\/wp\/v2\/categories?post=71672"},{"taxonomy":"post_tag","embeddable":true,"href":"https:\/\/www.paranapraia.com.br\/index.php\/wp-json\/wp\/v2\/tags?post=71672"}],"curies":[{"name":"wp","href":"https:\/\/api.w.org\/{rel}","templated":true}]}}