{"id":71669,"date":"2025-08-18T11:33:46","date_gmt":"2025-08-18T14:33:46","guid":{"rendered":"https:\/\/www.paranapraia.com.br\/?p=71669"},"modified":"2025-08-18T11:33:48","modified_gmt":"2025-08-18T14:33:48","slug":"13a-conferencia-municipal-de-saude-de-pontal-do-parana-debate-saude-como-direito-humano","status":"publish","type":"post","link":"https:\/\/www.paranapraia.com.br\/index.php\/2025\/08\/18\/13a-conferencia-municipal-de-saude-de-pontal-do-parana-debate-saude-como-direito-humano\/","title":{"rendered":"13\u00aa Confer\u00eancia Municipal de Sa\u00fade de Pontal do Paran\u00e1 debate sa\u00fade como direito humano"},"content":{"rendered":"\n<p>No dia 16 de agosto, Pontal do Paran\u00e1 realizou a 13\u00aa Confer\u00eancia Municipal de Sa\u00fade, reunindo representantes de diferentes segmentos sociais, incluindo usu\u00e1rios, trabalhadores e gestores do Sistema \u00danico de Sa\u00fade (SUS).<\/p>\n\n\n\n<p><br>O encontro, realizado ao longo de todo o dia, teve como foco discutir os principais desafios da sa\u00fade no munic\u00edpio, propor diretrizes para o Plano Municipal de Sa\u00fade e eleger a nova composi\u00e7\u00e3o do Conselho Municipal de Sa\u00fade.<\/p>\n\n\n\n<p>Durante a programa\u00e7\u00e3o, os participantes abordaram temas como a qualidade e o acesso aos servi\u00e7os de sa\u00fade, a valoriza\u00e7\u00e3o dos profissionais, o financiamento do SUS e o incentivo \u00e0 participa\u00e7\u00e3o social.<\/p>\n\n\n\n<p><br>Todas essas quest\u00f5es foram consolidadas em propostas que j\u00e1 haviam sido discutidas nas sete Confer\u00eancias Locais de Sa\u00fade, realizadas entre 7 de maio e 18 de junho deste ano.<\/p>\n\n\n\n<p>As propostas elaboradas pelos grupos de trabalho foram sistematizadas e aprovadas em plen\u00e1ria, garantindo que as prioridades da comunidade sejam incorporadas ao planejamento municipal e posteriormente \u00e0s etapas estadual e nacional da confer\u00eancia.<\/p>\n\n\n\n<p>Na elei\u00e7\u00e3o do Conselho Municipal de Sa\u00fade, as 12 vagas dispon\u00edveis foram distribu\u00eddas conforme a legisla\u00e7\u00e3o: 50% para usu\u00e1rios do SUS (6 titulares e 6 suplentes), 25% para trabalhadores do SUS (3 titulares e 3 suplentes) e 25% para prestadores e gestores do SUS (3 titulares e 3 suplentes).<\/p>\n\n\n\n<p>A secret\u00e1ria municipal de Sa\u00fade, Michele Straub, destacou a import\u00e2ncia da mobiliza\u00e7\u00e3o.<\/p>\n\n\n\n<p><br>\u201cA confer\u00eancia \u00e9 um espa\u00e7o democr\u00e1tico que permite ouvir diferentes vozes, construindo de forma coletiva os caminhos para uma sa\u00fade mais justa e de qualidade para todos os cidad\u00e3os de Pontal do Paran\u00e1.\u201d<\/p>\n\n\n\n<p>Entre as autoridades presentes estavam o prefeito de Pontal do Paran\u00e1 Rud\u00e3o Gimenes, a secret\u00e1ria municipal de Sa\u00fade Michele Straub, a presidente da C\u00e2mara e vereadora Elinete Guimar\u00e3es Rocha, Let\u00edcia Alves Lemos, presidente do Conselho Municipal de Sa\u00fade, e a vereadora Any Messina.<\/p>\n\n\n\n<p>Fotos: PMPPR\/ Clovis Santos<\/p>\n","protected":false},"excerpt":{"rendered":"<p>No dia 16 de agosto, Pontal do Paran\u00e1 realizou a 13\u00aa Confer\u00eancia Municipal de Sa\u00fade, reunindo representantes de diferentes segmentos sociais, incluindo usu\u00e1rios, trabalhadores e gestores do Sistema \u00danico de Sa\u00fade (SUS). O encontro, realizado ao longo de todo o dia, teve como foco discutir os principais desafios da sa\u00fade no munic\u00edpio, propor diretrizes para [&hellip;]<\/p>\n","protected":false},"author":2,"featured_media":71670,"comment_status":"open","ping_status":"open","sticky":false,"template":"","format":"standard","meta":{"advanced_seo_description":"","jetpack_seo_html_title":"","jetpack_seo_noindex":false,"_jetpack_memberships_contains_paid_content":false,"footnotes":""},"categories":[40,65],"tags":[1414,318],"class_list":{"0":"post-71669","1":"post","2":"type-post","3":"status-publish","4":"format-standard","5":"has-post-thumbnail","7":"category-destaques","8":"category-pontal-do-parana","9":"tag-13a-conferencia-municipal-de-saude-de-pontal-do-parana-debate-saude-como-direito-humano","10":"tag-pontal-do-parana"},"jetpack_featured_media_url":"https:\/\/www.paranapraia.com.br\/wp-content\/uploads\/2025\/08\/FB_IMG_1755527371888.jpg","jetpack_sharing_enabled":true,"_links":{"self":[{"href":"https:\/\/www.paranapraia.com.br\/index.php\/wp-json\/wp\/v2\/posts\/71669"}],"collection":[{"href":"https:\/\/www.paranapraia.com.br\/index.php\/wp-json\/wp\/v2\/posts"}],"about":[{"href":"https:\/\/www.paranapraia.com.br\/index.php\/wp-json\/wp\/v2\/types\/post"}],"author":[{"embeddable":true,"href":"https:\/\/www.paranapraia.com.br\/index.php\/wp-json\/wp\/v2\/users\/2"}],"replies":[{"embeddable":true,"href":"https:\/\/www.paranapraia.com.br\/index.php\/wp-json\/wp\/v2\/comments?post=71669"}],"version-history":[{"count":1,"href":"https:\/\/www.paranapraia.com.br\/index.php\/wp-json\/wp\/v2\/posts\/71669\/revisions"}],"predecessor-version":[{"id":71671,"href":"https:\/\/www.paranapraia.com.br\/index.php\/wp-json\/wp\/v2\/posts\/71669\/revisions\/71671"}],"wp:featuredmedia":[{"embeddable":true,"href":"https:\/\/www.paranapraia.com.br\/index.php\/wp-json\/wp\/v2\/media\/71670"}],"wp:attachment":[{"href":"https:\/\/www.paranapraia.com.br\/index.php\/wp-json\/wp\/v2\/media?parent=71669"}],"wp:term":[{"taxonomy":"category","embeddable":true,"href":"https:\/\/www.paranapraia.com.br\/index.php\/wp-json\/wp\/v2\/categories?post=71669"},{"taxonomy":"post_tag","embeddable":true,"href":"https:\/\/www.paranapraia.com.br\/index.php\/wp-json\/wp\/v2\/tags?post=71669"}],"curies":[{"name":"wp","href":"https:\/\/api.w.org\/{rel}","templated":true}]}}