{"id":71666,"date":"2025-08-17T17:35:40","date_gmt":"2025-08-17T20:35:40","guid":{"rendered":"https:\/\/www.paranapraia.com.br\/?p=71666"},"modified":"2025-08-25T11:11:59","modified_gmt":"2025-08-25T14:11:59","slug":"ld-turismo-inaugura-nova-unidade-em-pontal-do-parana-e-fortalece-atendimento-no-litoral","status":"publish","type":"post","link":"https:\/\/www.paranapraia.com.br\/index.php\/2025\/08\/17\/ld-turismo-inaugura-nova-unidade-em-pontal-do-parana-e-fortalece-atendimento-no-litoral\/","title":{"rendered":"LD Turismo inaugura nova unidade em Pontal do Paran\u00e1 e fortalece atendimento no litoral"},"content":{"rendered":"\n<p>Na noite de ontem, o Grupo LD Turismo celebrou a inaugura\u00e7\u00e3o oficial de sua nova unidade em Pontal do Paran\u00e1. O espa\u00e7o foi criado com o objetivo de ampliar o acesso \u00e0 comercializa\u00e7\u00e3o de passagens rodovi\u00e1rias, oferecendo mais comodidade e proximidade aos clientes dos munic\u00edpios de Paranagu\u00e1, Morretes e Pontal do Paran\u00e1.<\/p>\n\n\n\n<p>O evento contou com um coquetel especial para convidados locais, que prestigiaram o momento de expans\u00e3o da empresa. Al\u00e9m das comemora\u00e7\u00f5es, a noite foi marcada pelo fortalecimento de alian\u00e7as estrat\u00e9gicas e pela constru\u00e7\u00e3o de novas parcerias, fundamentais para esta nova etapa.<\/p>\n\n\n\n<p>Com nove anos de atua\u00e7\u00e3o no mercado, a LD Turismo refor\u00e7a seu compromisso em oferecer um atendimento de qualidade, sempre buscando inovar e atender \u00e0s necessidades de seus clientes.<\/p>\n\n\n\n<p>\u201cNosso muito obrigado a todos que estiveram presentes. Esta nova unidade \u00e9 mais um passo para estarmos cada vez mais pr\u00f3ximos de quem confia no nosso trabalho\u201d, destacou a dire\u00e7\u00e3o do grupo.<\/p>\n\n\n\n<p>Reda\u00e7\u00e3o <\/p>\n","protected":false},"excerpt":{"rendered":"<p>Na noite de ontem, o Grupo LD Turismo celebrou a inaugura\u00e7\u00e3o oficial de sua nova unidade em Pontal do Paran\u00e1. O espa\u00e7o foi criado com o objetivo de ampliar o acesso \u00e0 comercializa\u00e7\u00e3o de passagens rodovi\u00e1rias, oferecendo mais comodidade e proximidade aos clientes dos munic\u00edpios de Paranagu\u00e1, Morretes e Pontal do Paran\u00e1. O evento contou [&hellip;]<\/p>\n","protected":false},"author":2,"featured_media":71667,"comment_status":"open","ping_status":"open","sticky":false,"template":"","format":"standard","meta":{"advanced_seo_description":"","jetpack_seo_html_title":"","jetpack_seo_noindex":false,"_jetpack_memberships_contains_paid_content":false,"footnotes":""},"categories":[65],"tags":[1413,318],"class_list":{"0":"post-71666","1":"post","2":"type-post","3":"status-publish","4":"format-standard","5":"has-post-thumbnail","7":"category-pontal-do-parana","8":"tag-ld-turismo","9":"tag-pontal-do-parana"},"jetpack_featured_media_url":"https:\/\/www.paranapraia.com.br\/wp-content\/uploads\/2025\/08\/FB_IMG_1755290092906.jpg","jetpack_sharing_enabled":true,"_links":{"self":[{"href":"https:\/\/www.paranapraia.com.br\/index.php\/wp-json\/wp\/v2\/posts\/71666"}],"collection":[{"href":"https:\/\/www.paranapraia.com.br\/index.php\/wp-json\/wp\/v2\/posts"}],"about":[{"href":"https:\/\/www.paranapraia.com.br\/index.php\/wp-json\/wp\/v2\/types\/post"}],"author":[{"embeddable":true,"href":"https:\/\/www.paranapraia.com.br\/index.php\/wp-json\/wp\/v2\/users\/2"}],"replies":[{"embeddable":true,"href":"https:\/\/www.paranapraia.com.br\/index.php\/wp-json\/wp\/v2\/comments?post=71666"}],"version-history":[{"count":1,"href":"https:\/\/www.paranapraia.com.br\/index.php\/wp-json\/wp\/v2\/posts\/71666\/revisions"}],"predecessor-version":[{"id":71668,"href":"https:\/\/www.paranapraia.com.br\/index.php\/wp-json\/wp\/v2\/posts\/71666\/revisions\/71668"}],"wp:featuredmedia":[{"embeddable":true,"href":"https:\/\/www.paranapraia.com.br\/index.php\/wp-json\/wp\/v2\/media\/71667"}],"wp:attachment":[{"href":"https:\/\/www.paranapraia.com.br\/index.php\/wp-json\/wp\/v2\/media?parent=71666"}],"wp:term":[{"taxonomy":"category","embeddable":true,"href":"https:\/\/www.paranapraia.com.br\/index.php\/wp-json\/wp\/v2\/categories?post=71666"},{"taxonomy":"post_tag","embeddable":true,"href":"https:\/\/www.paranapraia.com.br\/index.php\/wp-json\/wp\/v2\/tags?post=71666"}],"curies":[{"name":"wp","href":"https:\/\/api.w.org\/{rel}","templated":true}]}}