{"id":71663,"date":"2025-08-16T17:30:28","date_gmt":"2025-08-16T20:30:28","guid":{"rendered":"https:\/\/www.paranapraia.com.br\/?p=71663"},"modified":"2025-08-25T11:11:35","modified_gmt":"2025-08-25T14:11:35","slug":"carona-fatal-homem-e-atraido-por-mulher-desconhecida-e-sofre-violenta-emboscada-em-paranagua","status":"publish","type":"post","link":"https:\/\/www.paranapraia.com.br\/index.php\/2025\/08\/16\/carona-fatal-homem-e-atraido-por-mulher-desconhecida-e-sofre-violenta-emboscada-em-paranagua\/","title":{"rendered":"Carona fatal: Homem \u00e9 atra\u00eddo por mulher desconhecida e sofre violenta emboscada em Paranagu\u00e1"},"content":{"rendered":"\n<p>Na madrugada desta sexta-feira (15), por volta das 2h30, um homem de 42 anos foi v\u00edtima de uma brutal agress\u00e3o em via p\u00fablica no bairro Parque Agari, em Paranagu\u00e1. O caso, registrado pela Pol\u00edcia Militar como les\u00e3o corporal, levanta suspeitas de emboscada.<\/p>\n\n\n\n<p>De acordo com informa\u00e7\u00f5es da PM, a equipe foi acionada para verificar a presen\u00e7a de um indiv\u00edduo ca\u00eddo na Rua Montevid\u00e9u. Ao chegarem, encontraram a v\u00edtima consciente, mas com ferimentos na cabe\u00e7a, enquanto populares tentavam prestar os primeiros socorros.<\/p>\n\n\n\n<p>Segundo o relato do homem, ele voltava do trabalho em sua motocicleta quando, na Avenida Bento Munhoz da Rocha Neto, foi abordado por uma mulher que pediu carona. Ele aceitou e seguiu at\u00e9 a Rua Montevid\u00e9u, onde, assim que a passageira desceu do ve\u00edculo, dois homens surgiram e passaram a agredi-lo com socos e chutes, exigindo dinheiro.<\/p>\n\n\n\n<p>A viol\u00eancia s\u00f3 cessou com a aproxima\u00e7\u00e3o de moradores, o que fez os agressores fugirem. O Servi\u00e7o de Atendimento M\u00f3vel de Urg\u00eancia (SAMU) foi acionado e encaminhou a v\u00edtima para a Unidade de Pronto Atendimento (UPA).<\/p>\n\n\n\n<p>Testemunhas afirmaram \u00e0 PM que a mulher seria conhecida como \u201cVanessa\u201d e que um dos agressores seria seu marido. A suspeita \u00e9 de que o homem tenha sido deliberadamente atra\u00eddo para o local.<\/p>\n\n\n\n<p>A Pol\u00edcia Civil deve assumir o caso para identificar os autores e confirmar se houve premedita\u00e7\u00e3o. At\u00e9 o momento, ningu\u00e9m foi preso.<\/p>\n\n\n\n<p>As autoridades refor\u00e7am o alerta para que motoristas evitem oferecer caronas a desconhecidos e comuniquem imediatamente qualquer movimenta\u00e7\u00e3o . <\/p>\n\n\n\n<p>Informa\u00e7\u00f5es : QAP LITORAL NOT\u00cdCIAS<\/p>\n","protected":false},"excerpt":{"rendered":"<p>Na madrugada desta sexta-feira (15), por volta das 2h30, um homem de 42 anos foi v\u00edtima de uma brutal agress\u00e3o em via p\u00fablica no bairro Parque Agari, em Paranagu\u00e1. O caso, registrado pela Pol\u00edcia Militar como les\u00e3o corporal, levanta suspeitas de emboscada. De acordo com informa\u00e7\u00f5es da PM, a equipe foi acionada para verificar a [&hellip;]<\/p>\n","protected":false},"author":2,"featured_media":71664,"comment_status":"open","ping_status":"open","sticky":false,"template":"","format":"standard","meta":{"advanced_seo_description":"","jetpack_seo_html_title":"","jetpack_seo_noindex":false,"_jetpack_memberships_contains_paid_content":false,"footnotes":""},"categories":[77,33],"tags":[1412,1411,321],"class_list":{"0":"post-71663","1":"post","2":"type-post","3":"status-publish","4":"format-standard","5":"has-post-thumbnail","7":"category-paranagua","8":"category-policia","9":"tag-carona-fatal-homem-e-atraido-por-mulher-desconhecida-e-sofre-violenta-emboscada-em-paranagua","10":"tag-emboscada","11":"tag-paranagua"},"jetpack_featured_media_url":"https:\/\/www.paranapraia.com.br\/wp-content\/uploads\/2025\/08\/FB_IMG_1755289684732.jpg","jetpack_sharing_enabled":true,"_links":{"self":[{"href":"https:\/\/www.paranapraia.com.br\/index.php\/wp-json\/wp\/v2\/posts\/71663"}],"collection":[{"href":"https:\/\/www.paranapraia.com.br\/index.php\/wp-json\/wp\/v2\/posts"}],"about":[{"href":"https:\/\/www.paranapraia.com.br\/index.php\/wp-json\/wp\/v2\/types\/post"}],"author":[{"embeddable":true,"href":"https:\/\/www.paranapraia.com.br\/index.php\/wp-json\/wp\/v2\/users\/2"}],"replies":[{"embeddable":true,"href":"https:\/\/www.paranapraia.com.br\/index.php\/wp-json\/wp\/v2\/comments?post=71663"}],"version-history":[{"count":1,"href":"https:\/\/www.paranapraia.com.br\/index.php\/wp-json\/wp\/v2\/posts\/71663\/revisions"}],"predecessor-version":[{"id":71665,"href":"https:\/\/www.paranapraia.com.br\/index.php\/wp-json\/wp\/v2\/posts\/71663\/revisions\/71665"}],"wp:featuredmedia":[{"embeddable":true,"href":"https:\/\/www.paranapraia.com.br\/index.php\/wp-json\/wp\/v2\/media\/71664"}],"wp:attachment":[{"href":"https:\/\/www.paranapraia.com.br\/index.php\/wp-json\/wp\/v2\/media?parent=71663"}],"wp:term":[{"taxonomy":"category","embeddable":true,"href":"https:\/\/www.paranapraia.com.br\/index.php\/wp-json\/wp\/v2\/categories?post=71663"},{"taxonomy":"post_tag","embeddable":true,"href":"https:\/\/www.paranapraia.com.br\/index.php\/wp-json\/wp\/v2\/tags?post=71663"}],"curies":[{"name":"wp","href":"https:\/\/api.w.org\/{rel}","templated":true}]}}