{"id":7160,"date":"2019-04-18T14:23:44","date_gmt":"2019-04-18T17:23:44","guid":{"rendered":"https:\/\/www.paranapraia.com.br\/?p=7160"},"modified":"2019-04-18T14:23:45","modified_gmt":"2019-04-18T17:23:45","slug":"carro-e-consumido-pelo-fogo-em-rua-de-curitiba","status":"publish","type":"post","link":"https:\/\/www.paranapraia.com.br\/index.php\/2019\/04\/18\/carro-e-consumido-pelo-fogo-em-rua-de-curitiba\/","title":{"rendered":"Carro \u00e9 consumido pelo fogo em rua de Curitiba"},"content":{"rendered":"\n<p>Um ve\u00edculo Fiesta de cor branca foi consumido pelo fogo na madrugada desta quinta-feira (18) no Bairro Pilarzinho, em Curitiba. O ve\u00edculo estava estacionado na Rua Amauri Lange Silv\u00e9rio. N\u00e3o h\u00e1 informa\u00e7\u00f5es de como o inc\u00eandio come\u00e7ou.<\/p>\n\n\n\n<p>Os bombeiros foram acionados por volta de 4h30. O respons\u00e1vel pelo ve\u00edculo n\u00e3o foi encontrado no local. Ningu\u00e9m se feriu.<\/p>\n\n\n\n<p>MassaNews<\/p>\n","protected":false},"excerpt":{"rendered":"<p>Um ve\u00edculo Fiesta de cor branca foi consumido pelo fogo na madrugada desta quinta-feira (18) no Bairro Pilarzinho, em Curitiba. O ve\u00edculo estava estacionado na Rua Amauri Lange Silv\u00e9rio. N\u00e3o h\u00e1 informa\u00e7\u00f5es de como o inc\u00eandio come\u00e7ou. Os bombeiros foram acionados por volta de 4h30. O respons\u00e1vel pelo ve\u00edculo n\u00e3o foi encontrado no local. Ningu\u00e9m [&hellip;]<\/p>\n","protected":false},"author":2,"featured_media":7161,"comment_status":"open","ping_status":"open","sticky":false,"template":"","format":"standard","meta":{"advanced_seo_description":"","jetpack_seo_html_title":"","jetpack_seo_noindex":false,"_jetpack_memberships_contains_paid_content":false,"footnotes":""},"categories":[42],"tags":[],"class_list":{"0":"post-7160","1":"post","2":"type-post","3":"status-publish","4":"format-standard","5":"has-post-thumbnail","7":"category-cidades"},"jetpack_featured_media_url":"https:\/\/www.paranapraia.com.br\/wp-content\/uploads\/2019\/04\/fogocarro.jpg","jetpack_sharing_enabled":true,"_links":{"self":[{"href":"https:\/\/www.paranapraia.com.br\/index.php\/wp-json\/wp\/v2\/posts\/7160"}],"collection":[{"href":"https:\/\/www.paranapraia.com.br\/index.php\/wp-json\/wp\/v2\/posts"}],"about":[{"href":"https:\/\/www.paranapraia.com.br\/index.php\/wp-json\/wp\/v2\/types\/post"}],"author":[{"embeddable":true,"href":"https:\/\/www.paranapraia.com.br\/index.php\/wp-json\/wp\/v2\/users\/2"}],"replies":[{"embeddable":true,"href":"https:\/\/www.paranapraia.com.br\/index.php\/wp-json\/wp\/v2\/comments?post=7160"}],"version-history":[{"count":1,"href":"https:\/\/www.paranapraia.com.br\/index.php\/wp-json\/wp\/v2\/posts\/7160\/revisions"}],"predecessor-version":[{"id":7162,"href":"https:\/\/www.paranapraia.com.br\/index.php\/wp-json\/wp\/v2\/posts\/7160\/revisions\/7162"}],"wp:featuredmedia":[{"embeddable":true,"href":"https:\/\/www.paranapraia.com.br\/index.php\/wp-json\/wp\/v2\/media\/7161"}],"wp:attachment":[{"href":"https:\/\/www.paranapraia.com.br\/index.php\/wp-json\/wp\/v2\/media?parent=7160"}],"wp:term":[{"taxonomy":"category","embeddable":true,"href":"https:\/\/www.paranapraia.com.br\/index.php\/wp-json\/wp\/v2\/categories?post=7160"},{"taxonomy":"post_tag","embeddable":true,"href":"https:\/\/www.paranapraia.com.br\/index.php\/wp-json\/wp\/v2\/tags?post=7160"}],"curies":[{"name":"wp","href":"https:\/\/api.w.org\/{rel}","templated":true}]}}