{"id":71570,"date":"2025-08-12T15:45:19","date_gmt":"2025-08-12T18:45:19","guid":{"rendered":"https:\/\/www.paranapraia.com.br\/?p=71570"},"modified":"2025-08-12T15:45:21","modified_gmt":"2025-08-12T18:45:21","slug":"coleta-e-destinacao-correta-do-lixo-e-tema-de-reuniao-da-semma-em-paranagua","status":"publish","type":"post","link":"https:\/\/www.paranapraia.com.br\/index.php\/2025\/08\/12\/coleta-e-destinacao-correta-do-lixo-e-tema-de-reuniao-da-semma-em-paranagua\/","title":{"rendered":"Coleta e destina\u00e7\u00e3o correta do lixo \u00e9 tema de reuni\u00e3o da Semma em Paranagu\u00e1"},"content":{"rendered":"\n<p>Na manh\u00e3 desta ter\u00e7a-feira (12), a Secretaria Municipal de Meio Ambiente (Semma) de Paranagu\u00e1 promoveu, em sua sede no Aeroparque, uma reuni\u00e3o voltada \u00e0 conscientiza\u00e7\u00e3o sobre o descarte correto do lixo domiciliar. O encontro contou com a presen\u00e7a do secret\u00e1rio municipal Dahir Elias Fadel J\u00fanior, da engenheira ambiental Mariana Druszcz e do bi\u00f3logo e professor da Unespar, Jo\u00e3o Roberto Maceno Silva.<\/p>\n\n\n\n<p>O objetivo foi refor\u00e7ar orienta\u00e7\u00f5es sobre separa\u00e7\u00e3o de res\u00edduos, cuidados com embalagens recicl\u00e1veis, destina\u00e7\u00e3o do \u00f3leo de cozinha e incentivo \u00e0 compostagem dom\u00e9stica. \u201cTer ao nosso lado esses profissionais nos ajuda a resolver um problema que \u00e9 de todos e melhorar a log\u00edstica do recolhimento\u201d, destacou o secret\u00e1rio Dahir.<\/p>\n\n\n\n<p>Segundo a engenheira Mariana Druszcz, o ideal \u00e9 manter pelo menos duas lixeiras em casa, uma para res\u00edduos org\u00e2nicos, como restos de alimentos e folhas, e outra para recicl\u00e1veis, como embalagens reaproveit\u00e1veis. Ela tamb\u00e9m orienta a popula\u00e7\u00e3o a lavar recipientes antes do descarte para facilitar a reciclagem. \u201cCaixas de leite, potes de iogurte e marmitas, por exemplo, podem ser reaproveitadas pela ind\u00fastria se forem limpas\u201d, explicou.<\/p>\n\n\n\n<p>Sobre o aproveitamento de res\u00edduos org\u00e2nicos, Mariana lembrou que a compostagem dom\u00e9stica \u00e9 uma alternativa vi\u00e1vel e que a Semma oferece treinamentos e webin\u00e1rios sobre o tema.<\/p>\n\n\n\n<p>O bi\u00f3logo Jo\u00e3o Roberto alertou para as consequ\u00eancias do descarte irregular, que pode causar entupimento da drenagem urbana, prolifera\u00e7\u00e3o de doen\u00e7as e contamina\u00e7\u00e3o de rios e manguezais. \u201cSe n\u00e3o colocarmos o lixo no local certo, ele acaba voltando para n\u00f3s de outra forma, inclusive no alimento que consumimos\u201d, afirmou.<\/p>\n\n\n\n<p><strong>Den\u00fancia<\/strong><br>A popula\u00e7\u00e3o pode denunciar casos de descarte ilegal ligando para (41) 3721-1780, ramal 2, destinado \u00e0 fiscaliza\u00e7\u00e3o da coleta. Quanto ao \u00f3leo de cozinha, Jo\u00e3o Roberto refor\u00e7ou que deve ser armazenado em garrafas PET ap\u00f3s o uso e entregue \u00e0 coleta seletiva, em conformidade com a legisla\u00e7\u00e3o municipal.<\/p>\n\n\n\n<p>A Semma informou que, al\u00e9m das a\u00e7\u00f5es t\u00e9cnicas, est\u00e1 ampliando o programa de educa\u00e7\u00e3o ambiental em escolas e bairros para que cada cidad\u00e3o compreenda a import\u00e2ncia de separar e destinar corretamente os res\u00edduos.<\/p>\n\n\n\n<p>Assessoria <\/p>\n","protected":false},"excerpt":{"rendered":"<p>Na manh\u00e3 desta ter\u00e7a-feira (12), a Secretaria Municipal de Meio Ambiente (Semma) de Paranagu\u00e1 promoveu, em sua sede no Aeroparque, uma reuni\u00e3o voltada \u00e0 conscientiza\u00e7\u00e3o sobre o descarte correto do lixo domiciliar. O encontro contou com a presen\u00e7a do secret\u00e1rio municipal Dahir Elias Fadel J\u00fanior, da engenheira ambiental Mariana Druszcz e do bi\u00f3logo e professor [&hellip;]<\/p>\n","protected":false},"author":2,"featured_media":71571,"comment_status":"open","ping_status":"open","sticky":false,"template":"","format":"standard","meta":{"advanced_seo_description":"","jetpack_seo_html_title":"","jetpack_seo_noindex":false,"_jetpack_memberships_contains_paid_content":false,"footnotes":""},"categories":[77],"tags":[321],"class_list":{"0":"post-71570","1":"post","2":"type-post","3":"status-publish","4":"format-standard","5":"has-post-thumbnail","7":"category-paranagua","8":"tag-paranagua"},"jetpack_featured_media_url":"https:\/\/www.paranapraia.com.br\/wp-content\/uploads\/2025\/08\/thumb-2025-08-12T154422.460.jpeg","jetpack_sharing_enabled":true,"_links":{"self":[{"href":"https:\/\/www.paranapraia.com.br\/index.php\/wp-json\/wp\/v2\/posts\/71570"}],"collection":[{"href":"https:\/\/www.paranapraia.com.br\/index.php\/wp-json\/wp\/v2\/posts"}],"about":[{"href":"https:\/\/www.paranapraia.com.br\/index.php\/wp-json\/wp\/v2\/types\/post"}],"author":[{"embeddable":true,"href":"https:\/\/www.paranapraia.com.br\/index.php\/wp-json\/wp\/v2\/users\/2"}],"replies":[{"embeddable":true,"href":"https:\/\/www.paranapraia.com.br\/index.php\/wp-json\/wp\/v2\/comments?post=71570"}],"version-history":[{"count":1,"href":"https:\/\/www.paranapraia.com.br\/index.php\/wp-json\/wp\/v2\/posts\/71570\/revisions"}],"predecessor-version":[{"id":71572,"href":"https:\/\/www.paranapraia.com.br\/index.php\/wp-json\/wp\/v2\/posts\/71570\/revisions\/71572"}],"wp:featuredmedia":[{"embeddable":true,"href":"https:\/\/www.paranapraia.com.br\/index.php\/wp-json\/wp\/v2\/media\/71571"}],"wp:attachment":[{"href":"https:\/\/www.paranapraia.com.br\/index.php\/wp-json\/wp\/v2\/media?parent=71570"}],"wp:term":[{"taxonomy":"category","embeddable":true,"href":"https:\/\/www.paranapraia.com.br\/index.php\/wp-json\/wp\/v2\/categories?post=71570"},{"taxonomy":"post_tag","embeddable":true,"href":"https:\/\/www.paranapraia.com.br\/index.php\/wp-json\/wp\/v2\/tags?post=71570"}],"curies":[{"name":"wp","href":"https:\/\/api.w.org\/{rel}","templated":true}]}}