{"id":7144,"date":"2019-04-18T14:07:27","date_gmt":"2019-04-18T17:07:27","guid":{"rendered":"https:\/\/www.paranapraia.com.br\/?p=7144"},"modified":"2019-04-18T14:07:28","modified_gmt":"2019-04-18T17:07:28","slug":"brasil-perde-3-posicoes-em-ranking-de-liberdade-de-imprensa-e-105o-de-180-paises","status":"publish","type":"post","link":"https:\/\/www.paranapraia.com.br\/index.php\/2019\/04\/18\/brasil-perde-3-posicoes-em-ranking-de-liberdade-de-imprensa-e-105o-de-180-paises\/","title":{"rendered":"Brasil perde 3 posi\u00e7\u00f5es em ranking de liberdade de imprensa; \u00e9 105\u00ba de 180 pa\u00edses"},"content":{"rendered":"\n<h4 class=\"wp-block-heading\">Na edi\u00e7\u00e3o deste ano, o Brasil perdeu tr\u00eas posi\u00e7\u00f5es e agora ocupa a 105\u00aa posi\u00e7\u00e3o entre as 180 na\u00e7\u00f5es que comp\u00f5em a lista.<\/h4>\n\n\n\n<p>\n\nNa mesma semana em que o Supremo Tribunal Federal (STF) determinou a retirada do ar de reportagens sobre o presidente da corte, Dias Toffoli, a ONG Rep\u00f3rteres Sem Fronteiras divulgou o ranking de liberdade de imprensa de 2019. Na edi\u00e7\u00e3o deste ano, o Brasil perdeu tr\u00eas posi\u00e7\u00f5es e agora ocupa a 105\u00aa posi\u00e7\u00e3o entre as 180 na\u00e7\u00f5es que comp\u00f5em a lista.<\/p>\n\n\n\n<p>\u201cNo Brasil, desde a campanha eleitoral, a imprensa se tornou alvo para os apoiadores do presidente Jair Bolsonaro, tanto nas redes sociais quanto durante as coberturas\u201d, aponta a ONG. Entre os vizinhos da Am\u00e9rica do Sul, apenas Bol\u00edvia (113), Col\u00f4mbia (129) e Venezuela (148) t\u00eam condi\u00e7\u00f5es piores de trabalho para jornalistas que o Brasil.<\/p>\n\n\n\n<p>A entidade ressalta o clima mais hostil no mundo \u00e0 pr\u00e1tica jornal\u00edstica neste ano. \u201cA hostilidade contra os jornalistas, e at\u00e9 mesmo o \u00f3dio transmitido em muitos pa\u00edses por lideran\u00e7as pol\u00edticas, resultou em atos de viol\u00eancia mais graves e frequentes, que aumentam os riscos e, como resultado, geram um n\u00edvel de medo in\u00e9dito em determinados lugares\u201d, argumenta a ONG<\/p>\n\n\n\n<p>\u201cO n\u00famero de pa\u00edses onde os jornalistas podem exercer com total seguran\u00e7a sua atividade profissional continua a diminuir, enquanto os regimes autorit\u00e1rios refor\u00e7am seu controle sobre os meios de comunica\u00e7\u00e3o\u201d, afirma. Apenas 24% dos 180 pa\u00edses na pesquisa oferecem condi\u00e7\u00f5es boas ou relativamente boas de trabalho aos profissionais da imprensa. No ranking de 2018, a parcela chegava a 26%.<\/p>\n\n\n\n<p>BandaB<\/p>\n","protected":false},"excerpt":{"rendered":"<p>Na edi\u00e7\u00e3o deste ano, o Brasil perdeu tr\u00eas posi\u00e7\u00f5es e agora ocupa a 105\u00aa posi\u00e7\u00e3o entre as 180 na\u00e7\u00f5es que comp\u00f5em a lista. Na mesma semana em que o Supremo Tribunal Federal (STF) determinou a retirada do ar de reportagens sobre o presidente da corte, Dias Toffoli, a ONG Rep\u00f3rteres Sem Fronteiras divulgou o ranking [&hellip;]<\/p>\n","protected":false},"author":2,"featured_media":7145,"comment_status":"open","ping_status":"open","sticky":false,"template":"","format":"standard","meta":{"advanced_seo_description":"","jetpack_seo_html_title":"","jetpack_seo_noindex":false,"_jetpack_memberships_contains_paid_content":false,"footnotes":""},"categories":[1],"tags":[],"class_list":{"0":"post-7144","1":"post","2":"type-post","3":"status-publish","4":"format-standard","5":"has-post-thumbnail","7":"category-sem-categoria"},"jetpack_featured_media_url":"https:\/\/www.paranapraia.com.br\/wp-content\/uploads\/2019\/04\/cd.jpg","jetpack_sharing_enabled":true,"_links":{"self":[{"href":"https:\/\/www.paranapraia.com.br\/index.php\/wp-json\/wp\/v2\/posts\/7144"}],"collection":[{"href":"https:\/\/www.paranapraia.com.br\/index.php\/wp-json\/wp\/v2\/posts"}],"about":[{"href":"https:\/\/www.paranapraia.com.br\/index.php\/wp-json\/wp\/v2\/types\/post"}],"author":[{"embeddable":true,"href":"https:\/\/www.paranapraia.com.br\/index.php\/wp-json\/wp\/v2\/users\/2"}],"replies":[{"embeddable":true,"href":"https:\/\/www.paranapraia.com.br\/index.php\/wp-json\/wp\/v2\/comments?post=7144"}],"version-history":[{"count":1,"href":"https:\/\/www.paranapraia.com.br\/index.php\/wp-json\/wp\/v2\/posts\/7144\/revisions"}],"predecessor-version":[{"id":7146,"href":"https:\/\/www.paranapraia.com.br\/index.php\/wp-json\/wp\/v2\/posts\/7144\/revisions\/7146"}],"wp:featuredmedia":[{"embeddable":true,"href":"https:\/\/www.paranapraia.com.br\/index.php\/wp-json\/wp\/v2\/media\/7145"}],"wp:attachment":[{"href":"https:\/\/www.paranapraia.com.br\/index.php\/wp-json\/wp\/v2\/media?parent=7144"}],"wp:term":[{"taxonomy":"category","embeddable":true,"href":"https:\/\/www.paranapraia.com.br\/index.php\/wp-json\/wp\/v2\/categories?post=7144"},{"taxonomy":"post_tag","embeddable":true,"href":"https:\/\/www.paranapraia.com.br\/index.php\/wp-json\/wp\/v2\/tags?post=7144"}],"curies":[{"name":"wp","href":"https:\/\/api.w.org\/{rel}","templated":true}]}}