{"id":7138,"date":"2019-04-18T14:02:15","date_gmt":"2019-04-18T17:02:15","guid":{"rendered":"https:\/\/www.paranapraia.com.br\/?p=7138"},"modified":"2019-04-18T14:02:16","modified_gmt":"2019-04-18T17:02:16","slug":"bolsonaro-diz-que-exercito-sempre-esteve-ao-lado-da-vontade-nacional","status":"publish","type":"post","link":"https:\/\/www.paranapraia.com.br\/index.php\/2019\/04\/18\/bolsonaro-diz-que-exercito-sempre-esteve-ao-lado-da-vontade-nacional\/","title":{"rendered":"Bolsonaro diz que Ex\u00e9rcito sempre esteve ao lado da vontade nacional"},"content":{"rendered":"\n<p>Ao participar hoje (18) de solenidade em comemora\u00e7\u00e3o dos 371 anos do Ex\u00e9rcito Brasileiro, no Quartel-General do Ibirapuera, em S\u00e3o Paulo, o presidente Jair Bolsonaro disse que o Ex\u00e9rcito \u201csempre esteve ao lado da vontade nacional\u201d nos momentos dif\u00edceis que a na\u00e7\u00e3o passou. A institui\u00e7\u00e3o completa 371 anos amanh\u00e3 (19).<\/p>\n\n\n\n<p>Em seu discurso, ele ressaltou que o governo precisa da m\u00eddia para que \u201ca chama da democracia n\u00e3o se apague\u201d. \u201cPrecisamos de voc\u00eas cada vez mais, palavras, letras e imagens, que estejam perfeitamente emanadas com a verdade. N\u00f3s, juntos, trabalhando com esse objetivo, faremos um Brasil maior, grande, e reconhecido em todo o cen\u00e1rio mundial. \u00c9 isso o que n\u00f3s queremos, as pequenas diferen\u00e7as fiquem para tr\u00e1s. O Brasil \u00e9 maior do que todos n\u00f3s juntos\u201d, afirmou.<\/p>\n\n\n\n<p>Bolsonaro ainda destacou a necessidade de uni\u00e3o para o desenvolvimento do pa\u00eds. \u201cTenho certeza que, sozinho, n\u00e3o chegarei a lugar algum. Precisamos de todos voc\u00eas, civis e militares, ao lado do Brasil, para coloc\u00e1-lo realmente no lugar que ele merece\u201d.<\/p>\n\n\n\n<h2 class=\"wp-block-heading\">Col\u00e9gio militar<\/h2>\n\n\n\n<p>O presidente elogiou o prefeito de S\u00e3o Paulo, Bruno Covas, presente na cerim\u00f4nia, pela \u201cconstru\u00e7\u00e3o do maior col\u00e9gio militar do Brasil, no Campo de Marte\u201d. \u201cN\u00f3s faremos todo o poss\u00edvel para que, em cada capital de estado, onde, porventura, n\u00e3o exista col\u00e9gio militar, n\u00f3s construiremos l\u00e1 tamb\u00e9m\u201d, acrescentou.<\/p>\n\n\n\n<p>Bolsonaro tamb\u00e9m elogiou \u201cas escolas militarizadas no estado do Amazonas e Goi\u00e1s que est\u00e3o dando um exemplo enorme de como se faz educa\u00e7\u00e3o de verdade sem desmerecer as demais boas escolas particulares e p\u00fablicas que temos no Brasil\u201d.<\/p>\n\n\n\n<p>O Dia do Ex\u00e9rcito \u00e9 celebrado em 19 de abril em alus\u00e3o \u00e0 Batalha dos Guararapes, quando brancos, negros e \u00edndios defenderam a p\u00e1tria contra invasores holandeses em Pernambuco, no ano de 1648.\u00a0<\/p>\n\n\n\n<p>BandaB<\/p>\n","protected":false},"excerpt":{"rendered":"<p>Ao participar hoje (18) de solenidade em comemora\u00e7\u00e3o dos 371 anos do Ex\u00e9rcito Brasileiro, no Quartel-General do Ibirapuera, em S\u00e3o Paulo, o presidente Jair Bolsonaro disse que o Ex\u00e9rcito \u201csempre esteve ao lado da vontade nacional\u201d nos momentos dif\u00edceis que a na\u00e7\u00e3o passou. A institui\u00e7\u00e3o completa 371 anos amanh\u00e3 (19). Em seu discurso, ele ressaltou [&hellip;]<\/p>\n","protected":false},"author":2,"featured_media":7139,"comment_status":"open","ping_status":"open","sticky":false,"template":"","format":"standard","meta":{"advanced_seo_description":"","jetpack_seo_html_title":"","jetpack_seo_noindex":false,"_jetpack_memberships_contains_paid_content":false,"footnotes":""},"categories":[32],"tags":[],"class_list":{"0":"post-7138","1":"post","2":"type-post","3":"status-publish","4":"format-standard","5":"has-post-thumbnail","7":"category-politica"},"jetpack_featured_media_url":"https:\/\/www.paranapraia.com.br\/wp-content\/uploads\/2019\/04\/militar.jpg","jetpack_sharing_enabled":true,"_links":{"self":[{"href":"https:\/\/www.paranapraia.com.br\/index.php\/wp-json\/wp\/v2\/posts\/7138"}],"collection":[{"href":"https:\/\/www.paranapraia.com.br\/index.php\/wp-json\/wp\/v2\/posts"}],"about":[{"href":"https:\/\/www.paranapraia.com.br\/index.php\/wp-json\/wp\/v2\/types\/post"}],"author":[{"embeddable":true,"href":"https:\/\/www.paranapraia.com.br\/index.php\/wp-json\/wp\/v2\/users\/2"}],"replies":[{"embeddable":true,"href":"https:\/\/www.paranapraia.com.br\/index.php\/wp-json\/wp\/v2\/comments?post=7138"}],"version-history":[{"count":1,"href":"https:\/\/www.paranapraia.com.br\/index.php\/wp-json\/wp\/v2\/posts\/7138\/revisions"}],"predecessor-version":[{"id":7140,"href":"https:\/\/www.paranapraia.com.br\/index.php\/wp-json\/wp\/v2\/posts\/7138\/revisions\/7140"}],"wp:featuredmedia":[{"embeddable":true,"href":"https:\/\/www.paranapraia.com.br\/index.php\/wp-json\/wp\/v2\/media\/7139"}],"wp:attachment":[{"href":"https:\/\/www.paranapraia.com.br\/index.php\/wp-json\/wp\/v2\/media?parent=7138"}],"wp:term":[{"taxonomy":"category","embeddable":true,"href":"https:\/\/www.paranapraia.com.br\/index.php\/wp-json\/wp\/v2\/categories?post=7138"},{"taxonomy":"post_tag","embeddable":true,"href":"https:\/\/www.paranapraia.com.br\/index.php\/wp-json\/wp\/v2\/tags?post=7138"}],"curies":[{"name":"wp","href":"https:\/\/api.w.org\/{rel}","templated":true}]}}