{"id":7135,"date":"2019-04-18T13:59:32","date_gmt":"2019-04-18T16:59:32","guid":{"rendered":"https:\/\/www.paranapraia.com.br\/?p=7135"},"modified":"2019-04-18T13:59:33","modified_gmt":"2019-04-18T16:59:33","slug":"viatura-e-chamada-apos-briga-durante-partida-de-futsal-em-que-pm-era-mesario-capitao-explica","status":"publish","type":"post","link":"https:\/\/www.paranapraia.com.br\/index.php\/2019\/04\/18\/viatura-e-chamada-apos-briga-durante-partida-de-futsal-em-que-pm-era-mesario-capitao-explica\/","title":{"rendered":"Viatura \u00e9 chamada ap\u00f3s briga durante partida de futsal em que PM era mes\u00e1rio; capit\u00e3o explica"},"content":{"rendered":"\n<h4 class=\"wp-block-heading\">Na postagem, alguns internautas questionaram que a equipe policial chegou de forma r\u00e1pida at\u00e9 a ocorr\u00eancia<\/h4>\n\n\n\n<p>Um v\u00eddeo de policiais militares atendendo a um chamado ap\u00f3s&nbsp;<strong>uma briga<\/strong>&nbsp;durante uma partida de futsal em S\u00e3o Jos\u00e9 dos Pinhais, regi\u00e3o metropolitana de Curitiba, viralizou ap\u00f3s ser publicado na rede social Facebook. O caso aconteceu na noite desta quarta-feira (17) e, de acordo com o&nbsp;<strong>capit\u00e3o Galeski<\/strong>, comandante da 1\u00b0 Companhia do 17\u00b0 Batalh\u00e3o da Pol\u00edcia Militar, n\u00e3o houve nada de errado no atendimento \u00e0 ocorr\u00eancia<\/p>\n\n\n\n<p>O respons\u00e1vel pela postagem na rede social Facebook afirmou que os policiais foram chamados pelo PM que era mes\u00e1rio do jogo e que isso seria um \u2018absurdo\u2019. Entretanto, o capit\u00e3o desmente a vers\u00e3o de um chamado sem motivo e disse que o v\u00eddeo mostra apenas a parte final do atendimento.<\/p>\n\n\n\n<p>\u201cEstava acontecendo um jogo no Gin\u00e1sio Ney Braga e a ocorr\u00eancia chegou porque o caso passou da quest\u00e3o esportiva, com o jogador cuspindo no \u00e1rbitro e ofendendo o mes\u00e1rio. A situa\u00e7\u00e3o estava praticamente resolvida quando o rapaz come\u00e7ou a gravar. Inclusive, o atleta j\u00e1 tinha se arrependido e o outro rapaz passou a gravar, incitando o p\u00fablico contra os policiais\u201d, disse capit\u00e3o.<\/p>\n\n\n\n<p>Na postagem, alguns internautas questionaram que a equipe policial chegou de forma r\u00e1pida at\u00e9 a ocorr\u00eancia, mas o capit\u00e3o disse que isso n\u00e3o procede. \u201cO chamado foi feito pelo r\u00e1dio operador da Primeira Companhia e n\u00e3o pelo 190, porque havia um policial no local. O atleta amea\u00e7ou o subtenente e disse que policial bom era policial morto e apontou uma arma para a cabe\u00e7a, mas isso n\u00e3o aparece no v\u00eddeo. Pode-se fazer o v\u00eddeo, o problema \u00e9 que nos coment\u00e1rios ele interfere no atendimento da equipe, al\u00e9m de uma s\u00e9rie de ofensas aos policiais. Sem contar que n\u00e3o consta imagens do que motivou tudo aquilo\u201d, esclareceu.<\/p>\n\n\n\n<p>Por fim, o capit\u00e3o lamentou a forma como o caso foi tratado. \u201cAconteceu uma exposi\u00e7\u00e3o da equipe policial, de forma desnecess\u00e1ria, em uma ocorr\u00eancia totalmente correta. Agora os policiais precisam trabalhar e est\u00e3o preocupados com a exposi\u00e7\u00e3o\u201d, concluiu.<\/p>\n\n\n\n<p>BandaB<\/p>\n","protected":false},"excerpt":{"rendered":"<p>Na postagem, alguns internautas questionaram que a equipe policial chegou de forma r\u00e1pida at\u00e9 a ocorr\u00eancia Um v\u00eddeo de policiais militares atendendo a um chamado ap\u00f3s&nbsp;uma briga&nbsp;durante uma partida de futsal em S\u00e3o Jos\u00e9 dos Pinhais, regi\u00e3o metropolitana de Curitiba, viralizou ap\u00f3s ser publicado na rede social Facebook. O caso aconteceu na noite desta quarta-feira [&hellip;]<\/p>\n","protected":false},"author":2,"featured_media":7136,"comment_status":"open","ping_status":"open","sticky":false,"template":"","format":"standard","meta":{"advanced_seo_description":"","jetpack_seo_html_title":"","jetpack_seo_noindex":false,"_jetpack_memberships_contains_paid_content":false,"footnotes":""},"categories":[33],"tags":[],"class_list":{"0":"post-7135","1":"post","2":"type-post","3":"status-publish","4":"format-standard","5":"has-post-thumbnail","7":"category-policia"},"jetpack_featured_media_url":"https:\/\/www.paranapraia.com.br\/wp-content\/uploads\/2019\/04\/briga_no_futsal_1.jpg","jetpack_sharing_enabled":true,"_links":{"self":[{"href":"https:\/\/www.paranapraia.com.br\/index.php\/wp-json\/wp\/v2\/posts\/7135"}],"collection":[{"href":"https:\/\/www.paranapraia.com.br\/index.php\/wp-json\/wp\/v2\/posts"}],"about":[{"href":"https:\/\/www.paranapraia.com.br\/index.php\/wp-json\/wp\/v2\/types\/post"}],"author":[{"embeddable":true,"href":"https:\/\/www.paranapraia.com.br\/index.php\/wp-json\/wp\/v2\/users\/2"}],"replies":[{"embeddable":true,"href":"https:\/\/www.paranapraia.com.br\/index.php\/wp-json\/wp\/v2\/comments?post=7135"}],"version-history":[{"count":1,"href":"https:\/\/www.paranapraia.com.br\/index.php\/wp-json\/wp\/v2\/posts\/7135\/revisions"}],"predecessor-version":[{"id":7137,"href":"https:\/\/www.paranapraia.com.br\/index.php\/wp-json\/wp\/v2\/posts\/7135\/revisions\/7137"}],"wp:featuredmedia":[{"embeddable":true,"href":"https:\/\/www.paranapraia.com.br\/index.php\/wp-json\/wp\/v2\/media\/7136"}],"wp:attachment":[{"href":"https:\/\/www.paranapraia.com.br\/index.php\/wp-json\/wp\/v2\/media?parent=7135"}],"wp:term":[{"taxonomy":"category","embeddable":true,"href":"https:\/\/www.paranapraia.com.br\/index.php\/wp-json\/wp\/v2\/categories?post=7135"},{"taxonomy":"post_tag","embeddable":true,"href":"https:\/\/www.paranapraia.com.br\/index.php\/wp-json\/wp\/v2\/tags?post=7135"}],"curies":[{"name":"wp","href":"https:\/\/api.w.org\/{rel}","templated":true}]}}