{"id":7132,"date":"2019-04-18T13:16:32","date_gmt":"2019-04-18T16:16:32","guid":{"rendered":"https:\/\/www.paranapraia.com.br\/?p=7132"},"modified":"2019-04-18T13:16:34","modified_gmt":"2019-04-18T16:16:34","slug":"aula-inaugural-do-curso-de-gestao-empresarial","status":"publish","type":"post","link":"https:\/\/www.paranapraia.com.br\/index.php\/2019\/04\/18\/aula-inaugural-do-curso-de-gestao-empresarial\/","title":{"rendered":"Aula inaugural do Curso de Gest\u00e3o Empresarial"},"content":{"rendered":"\n<p>Aconteceu nesta segunda-feira dia 15\/04 a aula inaugural do curso de Gest\u00e3o Empresarial que faz parte do Programa Bom Neg\u00f3cio Paran\u00e1, que tem como principal objetivo, capacitar os micros e pequenos empreendedores e incentivar a formaliza\u00e7\u00e3o de novos empres\u00e1rios e desta forma contribuir para o desenvolvimento socioecon\u00f4mico do Estado do Paran\u00e1.<\/p>\n\n\n\n<p>O evento contou com a presen\u00e7a do Secret\u00e1rio de Turismo Ivo Hauer Malschitzky, da Diretora Graziela Franco, da Prof\u00aa Mestre Marta Lucia Schaedler, da Prof\u00aa Franciele C. Lopes Alarcon, dos Agentes de Desenvolvimento da Sala do Empreendedor de Matinhos e aproximadamente 70 alunos que estavam previamente inscritos para o curso.<\/p>\n\n\n\n<p>Durante a apresenta\u00e7\u00e3o do conte\u00fado program\u00e1tico do curso, a Prof\u00aa Marta e a Prof\u00aa Franciele frisaram sobre a import\u00e2ncia social e econ\u00f4mica do curso e os benef\u00edcios que os empreendedores possuem ao se capacitar. Ap\u00f3s a aula inaugural foi servido um delicioso coffee break finalizando as atividades.<\/p>\n\n\n\n<p>A Sala do Empreendedor efetuou mais de 100 inscri\u00e7\u00f5es para o curso e queremos aproveitar esta mat\u00e9ria para convidar os inscritos que n\u00e3o puderam comparecer ontem na aula inaugural, a comparecerem e iniciarem hoje o curso, que pela apresenta\u00e7\u00e3o inicial, trar\u00e1 excelentes ferramentas para auxiliar no dia a dia do empreendedor.<\/p>\n\n\n\n<p>Com informa\u00e7\u00f5es e fotos da Secretaria Municipal de Turismo, Desenvolvimento Econ\u00f4mico e Esporte de Matinhos.<\/p>\n\n\n\n<p>Assessoria<\/p>\n","protected":false},"excerpt":{"rendered":"<p>Aconteceu nesta segunda-feira dia 15\/04 a aula inaugural do curso de Gest\u00e3o Empresarial que faz parte do Programa Bom Neg\u00f3cio Paran\u00e1, que tem como principal objetivo, capacitar os micros e pequenos empreendedores e incentivar a formaliza\u00e7\u00e3o de novos empres\u00e1rios e desta forma contribuir para o desenvolvimento socioecon\u00f4mico do Estado do Paran\u00e1. O evento contou com [&hellip;]<\/p>\n","protected":false},"author":2,"featured_media":7133,"comment_status":"open","ping_status":"open","sticky":false,"template":"","format":"standard","meta":{"advanced_seo_description":"","jetpack_seo_html_title":"","jetpack_seo_noindex":false,"_jetpack_memberships_contains_paid_content":false,"footnotes":""},"categories":[42],"tags":[],"class_list":{"0":"post-7132","1":"post","2":"type-post","3":"status-publish","4":"format-standard","5":"has-post-thumbnail","7":"category-cidades"},"jetpack_featured_media_url":"https:\/\/www.paranapraia.com.br\/wp-content\/uploads\/2019\/04\/mat.jpg","jetpack_sharing_enabled":true,"_links":{"self":[{"href":"https:\/\/www.paranapraia.com.br\/index.php\/wp-json\/wp\/v2\/posts\/7132"}],"collection":[{"href":"https:\/\/www.paranapraia.com.br\/index.php\/wp-json\/wp\/v2\/posts"}],"about":[{"href":"https:\/\/www.paranapraia.com.br\/index.php\/wp-json\/wp\/v2\/types\/post"}],"author":[{"embeddable":true,"href":"https:\/\/www.paranapraia.com.br\/index.php\/wp-json\/wp\/v2\/users\/2"}],"replies":[{"embeddable":true,"href":"https:\/\/www.paranapraia.com.br\/index.php\/wp-json\/wp\/v2\/comments?post=7132"}],"version-history":[{"count":1,"href":"https:\/\/www.paranapraia.com.br\/index.php\/wp-json\/wp\/v2\/posts\/7132\/revisions"}],"predecessor-version":[{"id":7134,"href":"https:\/\/www.paranapraia.com.br\/index.php\/wp-json\/wp\/v2\/posts\/7132\/revisions\/7134"}],"wp:featuredmedia":[{"embeddable":true,"href":"https:\/\/www.paranapraia.com.br\/index.php\/wp-json\/wp\/v2\/media\/7133"}],"wp:attachment":[{"href":"https:\/\/www.paranapraia.com.br\/index.php\/wp-json\/wp\/v2\/media?parent=7132"}],"wp:term":[{"taxonomy":"category","embeddable":true,"href":"https:\/\/www.paranapraia.com.br\/index.php\/wp-json\/wp\/v2\/categories?post=7132"},{"taxonomy":"post_tag","embeddable":true,"href":"https:\/\/www.paranapraia.com.br\/index.php\/wp-json\/wp\/v2\/tags?post=7132"}],"curies":[{"name":"wp","href":"https:\/\/api.w.org\/{rel}","templated":true}]}}