{"id":71308,"date":"2025-08-01T13:05:44","date_gmt":"2025-08-01T16:05:44","guid":{"rendered":"https:\/\/www.paranapraia.com.br\/?p=71308"},"modified":"2025-08-01T13:05:46","modified_gmt":"2025-08-01T16:05:46","slug":"campanha-agosto-azul-reforca-importancia-do-cuidado-com-a-saude-do-homem-no-parana","status":"publish","type":"post","link":"https:\/\/www.paranapraia.com.br\/index.php\/2025\/08\/01\/campanha-agosto-azul-reforca-importancia-do-cuidado-com-a-saude-do-homem-no-parana\/","title":{"rendered":"Campanha Agosto Azul refor\u00e7a import\u00e2ncia do cuidado com a sa\u00fade do homem no Paran\u00e1"},"content":{"rendered":"\n<p>A Secretaria de Estado da Sa\u00fade do Paran\u00e1 (Sesa) lan\u00e7a nesta sexta-feira (1\u00ba) a edi\u00e7\u00e3o 2025 da campanha Agosto Azul, com o objetivo de incentivar os homens a cuidarem da pr\u00f3pria sa\u00fade e adotarem h\u00e1bitos de vida mais saud\u00e1veis. A a\u00e7\u00e3o \u00e9 realizada com base na Lei Estadual n\u00ba 17.099\/2012.<\/p>\n\n\n\n<p>Esse ano, o foco da campanha \u00e9 a preven\u00e7\u00e3o de agravos evit\u00e1veis, como insufici\u00eancia card\u00edaca, diabetes, hipertens\u00e3o e outras comorbidades que continuam impactando significativamente a sa\u00fade da popula\u00e7\u00e3o masculina.<\/p>\n\n\n\n<p>Dados da Aten\u00e7\u00e3o Prim\u00e1ria \u00e0 Sa\u00fade (APS) no Paran\u00e1 mostram que em 2024, apenas 29% dos atendimentos individuais realizados na faixa et\u00e1ria de 20 a 59 anos foram destinados aos homens. Essa baixa procura demonstra o desafio cont\u00ednuo de superar preconceitos e estimular o autocuidado entre os homens.<\/p>\n\n\n\n<ul class=\"wp-block-list\">\n<li>\u201cO Agosto Azul vai al\u00e9m de um m\u00eas de conscientiza\u00e7\u00e3o. \u00c9 uma oportunidade para que cada vez mais homens assumam o protagonismo da pr\u00f3pria sa\u00fade, n\u00e3o apenas este m\u00eas, mas durante todo o ano. Cuidar da sa\u00fade n\u00e3o deve ser visto como um sinal de fraqueza, mas sim de responsabilidade e compromisso com a pr\u00f3pria vida e com as pessoas que amam\u201d, disse o secret\u00e1rio de Estado da Sa\u00fade, Beto Preto.<\/li>\n<\/ul>\n\n\n\n<p>Entre os principais agravos que geram interna\u00e7\u00f5es masculinas e que poderiam ser evitados com a\u00e7\u00f5es na Aten\u00e7\u00e3o Prim\u00e1ria \u00e0 Sa\u00fade (APS) est\u00e3o: doen\u00e7as imunopreven\u00edveis por vacina\u00e7\u00e3o, pneumonias bacterianas, angina, insufici\u00eancia card\u00edaca e infec\u00e7\u00f5es de pele e tecido subcut\u00e2neo. Em 2024, os homens representaram 69,8% das interna\u00e7\u00f5es por doen\u00e7as imunopreven\u00edveis (contra 30,2% das mulheres), 53,6% por pneumonias bacterianas (contra 46,4%), 57,2% por angina (contra 42,8%), 56,1% por insufici\u00eancia card\u00edaca (contra 43,9%) e 62,4% por infec\u00e7\u00f5es de pele (contra 37,6%).<\/p>\n\n\n\n<p>A Sesa tamb\u00e9m refor\u00e7a a import\u00e2ncia de medidas simples e eficazes de promo\u00e7\u00e3o da sa\u00fade, como monitoramento da press\u00e3o arterial, alimenta\u00e7\u00e3o saud\u00e1vel, pr\u00e1tica de atividades f\u00edsicas e cessa\u00e7\u00e3o do tabagismo. Al\u00e9m disso, destaca-se o papel essencial da vacina\u00e7\u00e3o como forma de preven\u00e7\u00e3o.<\/p>\n\n\n\n<ul class=\"wp-block-list\">\n<li>Em setembro ser\u00e1 promovido o curso \u201cO cuidado \u00e0 sa\u00fade do homem em contexto de viol\u00eancia e a prote\u00e7\u00e3o de meninas e mulheres no \u00e2mbito da APS\u201d, realizado pela Sesa em parceria com o Minist\u00e9rio da Sa\u00fade. Voltado a profissionais de n\u00edvel superior da APS, o curso integra a Estrat\u00e9gia Nacional da Sa\u00fade do Homem e Masculinidades (Equalisah), com foco na qualifica\u00e7\u00e3o de pr\u00e1ticas e na constru\u00e7\u00e3o de espa\u00e7os de cuidado mais inclusivos e integrados.<\/li>\n\n\n\n<li><\/li>\n\n\n\n<li>Foto: Claudio Neves\/Portos do Paran\u00e1<\/li>\n<\/ul>\n\n\n\n<p>AEN\/PR<\/p>\n","protected":false},"excerpt":{"rendered":"<p>A Secretaria de Estado da Sa\u00fade do Paran\u00e1 (Sesa) lan\u00e7a nesta sexta-feira (1\u00ba) a edi\u00e7\u00e3o 2025 da campanha Agosto Azul, com o objetivo de incentivar os homens a cuidarem da pr\u00f3pria sa\u00fade e adotarem h\u00e1bitos de vida mais saud\u00e1veis. A a\u00e7\u00e3o \u00e9 realizada com base na Lei Estadual n\u00ba 17.099\/2012. Esse ano, o foco da [&hellip;]<\/p>\n","protected":false},"author":2,"featured_media":71309,"comment_status":"open","ping_status":"open","sticky":false,"template":"","format":"standard","meta":{"advanced_seo_description":"","jetpack_seo_html_title":"","jetpack_seo_noindex":false,"_jetpack_memberships_contains_paid_content":false,"footnotes":""},"categories":[40],"tags":[],"class_list":{"0":"post-71308","1":"post","2":"type-post","3":"status-publish","4":"format-standard","5":"has-post-thumbnail","7":"category-destaques"},"jetpack_featured_media_url":"https:\/\/www.paranapraia.com.br\/wp-content\/uploads\/2025\/08\/whatsapp_image_2025-07-31_at_17.18.44.jpg","jetpack_sharing_enabled":true,"_links":{"self":[{"href":"https:\/\/www.paranapraia.com.br\/index.php\/wp-json\/wp\/v2\/posts\/71308"}],"collection":[{"href":"https:\/\/www.paranapraia.com.br\/index.php\/wp-json\/wp\/v2\/posts"}],"about":[{"href":"https:\/\/www.paranapraia.com.br\/index.php\/wp-json\/wp\/v2\/types\/post"}],"author":[{"embeddable":true,"href":"https:\/\/www.paranapraia.com.br\/index.php\/wp-json\/wp\/v2\/users\/2"}],"replies":[{"embeddable":true,"href":"https:\/\/www.paranapraia.com.br\/index.php\/wp-json\/wp\/v2\/comments?post=71308"}],"version-history":[{"count":1,"href":"https:\/\/www.paranapraia.com.br\/index.php\/wp-json\/wp\/v2\/posts\/71308\/revisions"}],"predecessor-version":[{"id":71310,"href":"https:\/\/www.paranapraia.com.br\/index.php\/wp-json\/wp\/v2\/posts\/71308\/revisions\/71310"}],"wp:featuredmedia":[{"embeddable":true,"href":"https:\/\/www.paranapraia.com.br\/index.php\/wp-json\/wp\/v2\/media\/71309"}],"wp:attachment":[{"href":"https:\/\/www.paranapraia.com.br\/index.php\/wp-json\/wp\/v2\/media?parent=71308"}],"wp:term":[{"taxonomy":"category","embeddable":true,"href":"https:\/\/www.paranapraia.com.br\/index.php\/wp-json\/wp\/v2\/categories?post=71308"},{"taxonomy":"post_tag","embeddable":true,"href":"https:\/\/www.paranapraia.com.br\/index.php\/wp-json\/wp\/v2\/tags?post=71308"}],"curies":[{"name":"wp","href":"https:\/\/api.w.org\/{rel}","templated":true}]}}