{"id":71302,"date":"2025-08-01T12:45:20","date_gmt":"2025-08-01T15:45:20","guid":{"rendered":"https:\/\/www.paranapraia.com.br\/?p=71302"},"modified":"2025-08-01T12:45:22","modified_gmt":"2025-08-01T15:45:22","slug":"com-derico-festival-ilha-do-mel-jazz-comeca-neste-fim-de-semana-em-nova-brasilia","status":"publish","type":"post","link":"https:\/\/www.paranapraia.com.br\/index.php\/2025\/08\/01\/com-derico-festival-ilha-do-mel-jazz-comeca-neste-fim-de-semana-em-nova-brasilia\/","title":{"rendered":"Com Derico, Festival Ilha do Mel Jazz come\u00e7a neste fim de semana em Nova Bras\u00edlia"},"content":{"rendered":"\n<p>O Governo do Paran\u00e1, por meio da Secretaria de Estado do Turismo (Setu), est\u00e1 apoiando nova edi\u00e7\u00e3o do Festival Ilha do Mel Jazz, que acontece durante os fins de semana do m\u00eas de agosto, de sexta-feira a domingo, na comunidade de Nova Bras\u00edlia. Com uma programa\u00e7\u00e3o ecl\u00e9tica, o evento promete encantar moradores e turistas, com diversas atividades art\u00edsticas e culturais para toda a fam\u00edlia. A expectativa \u00e9 de que 40 mil pessoas passem pelo local durante o m\u00eas.<\/p>\n\n\n\n<p>A entrada \u00e9 gratuita e o festival contar\u00e1 com mais de 90 atra\u00e7\u00f5es musicais, incluindo cantores conhecidos e bandas de jazz. Entre os destaques est\u00e3o o cantor e compositor Wes Ventura, o m\u00fasico Derico &#8211; que participava do &#8220;Programa do J\u00f4&#8221; &#8211; e o cantor Nego Blue, artista renomado da pr\u00f3pria Ilha do Mel.<\/p>\n\n\n\n<p>Al\u00e9m das apresenta\u00e7\u00f5es musicais, o evento conta com outras atividades, como aulas de ioga na praia, pintura ao vivo, uma exposi\u00e7\u00e3o de quadros e obras de arte de artistas locais, e oficinas de pintura voltadas para as crian\u00e7as. A\u00e7\u00f5es de educa\u00e7\u00e3o ambiental, com foco na conscientiza\u00e7\u00e3o sobre a preserva\u00e7\u00e3o da natureza fazem parte da programa\u00e7\u00e3o.<\/p>\n\n\n\n<ul class=\"wp-block-list\">\n<li>&#8220;O Festival Ilha do Mel Jazz ser\u00e1 um ponto de encontro para amantes da m\u00fasica e da arte, colaborando para a valoriza\u00e7\u00e3o cultural da regi\u00e3o nesse cen\u00e1rio natural deslumbrante, que \u00e9 a Ilha do Mel&#8221;, disse o secret\u00e1rio estadual do Turismo, Leonaldo Paranhos. O governo estadual est\u00e1 presente e cada vez mais apoiando eventos que impulsionem o nosso turismo e valorizem a nossa cultura&#8221;.<\/li>\n<\/ul>\n\n\n\n<p>De acordo com Giselle Furtado, diretora da empresa Loba do Mar e organizadora do Festival Ilha do Mel Jazz,&nbsp;a expectativa \u00e9 de que aproximadamente 40 mil pessoas passem por Nova Bras\u00edlia durante o festival. &#8220;Ser\u00e1 um grande evento cultural para os moradores e turistas na Ilha do Mel.&nbsp; S\u00e3o v\u00e1rias atividades culturais, m\u00fasica, yoga na praia e muita divers\u00e3o para toda a fam\u00edlia\u201d, afirmou.<\/p>\n\n\n\n<p>As atividades est\u00e3o programadas para come\u00e7ar \u00e0s 12h e encerrar por volta de meia-noite. As aulas de yoga acontecem todos os s\u00e1bados \u00e0s 10h e 16h e os shows come\u00e7am \u00e0s 16h e terminam \u00e0 meia-noite. Uma das atra\u00e7\u00f5es esperadas para este s\u00e1bado (2) \u00e9 o m\u00fasico Berico, que tocava no programa do J\u00f4 Soares. As embarca\u00e7\u00f5es est\u00e3o com hor\u00e1rios estendidos que permitem bate-volta para aqueles que preferem n\u00e3o pernoitar na Ilha.<\/p>\n\n\n\n<p>A programa\u00e7\u00e3o completa do evento estar\u00e1 dispon\u00edvel no perfil oficial do Instagram:&nbsp;<strong><a href=\"https:\/\/www.instagram.com\/ilhadomeljazz\/?hl=pt\" target=\"_blank\" rel=\"noreferrer noopener\">@ilhadomeljazz<\/a><\/strong>. O festival \u00e9 produzido pela Loba do Mar Eventos, com patroc\u00ednio da Heineken. A Fecom\u00e9rcio, Sesc, Senac, Associa\u00e7\u00e3o de Barqueiros do Litoral Norte do Paran\u00e1 (Abaline) e a R\u00e1dio Transam\u00e9rica tamb\u00e9m est\u00e3o apoiando o evento.<\/p>\n\n\n\n<p><strong>ENCANTADAS<\/strong>&nbsp;\u2013 Tamb\u00e9m em agosto, acontece mais uma edi\u00e7\u00e3o&nbsp;do&nbsp;<a href=\"https:\/\/www.parana.pr.gov.br\/aen\/Noticia\/Encantadas-Jazz-vai-atrair-milhares-de-turistas-Ilha-do-Mel-em-agosto-veja-programacao\" target=\"_blank\" rel=\"noreferrer noopener\">Festival Encantadas Jazz<\/a>, que igualmente tem o apoio do Governo do Estado, por meio do Viaje Paran\u00e1. O evento, com 40 espet\u00e1culos musicais abertos ao p\u00fablico, ser\u00e1 na Praia de Encantadas.&nbsp;<\/p>\n\n\n\n<p>Foto: Paola Koening<\/p>\n\n\n\n<p>AEN\/PR<\/p>\n","protected":false},"excerpt":{"rendered":"<p>O Governo do Paran\u00e1, por meio da Secretaria de Estado do Turismo (Setu), est\u00e1 apoiando nova edi\u00e7\u00e3o do Festival Ilha do Mel Jazz, que acontece durante os fins de semana do m\u00eas de agosto, de sexta-feira a domingo, na comunidade de Nova Bras\u00edlia. Com uma programa\u00e7\u00e3o ecl\u00e9tica, o evento promete encantar moradores e turistas, com [&hellip;]<\/p>\n","protected":false},"author":2,"featured_media":71303,"comment_status":"open","ping_status":"open","sticky":false,"template":"","format":"standard","meta":{"advanced_seo_description":"","jetpack_seo_html_title":"","jetpack_seo_noindex":false,"_jetpack_memberships_contains_paid_content":false,"footnotes":""},"categories":[40,76],"tags":[],"class_list":{"0":"post-71302","1":"post","2":"type-post","3":"status-publish","4":"format-standard","5":"has-post-thumbnail","7":"category-destaques","8":"category-ilha-do-mel"},"jetpack_featured_media_url":"https:\/\/www.paranapraia.com.br\/wp-content\/uploads\/2025\/08\/creditos_paola_koening.jpg","jetpack_sharing_enabled":true,"_links":{"self":[{"href":"https:\/\/www.paranapraia.com.br\/index.php\/wp-json\/wp\/v2\/posts\/71302"}],"collection":[{"href":"https:\/\/www.paranapraia.com.br\/index.php\/wp-json\/wp\/v2\/posts"}],"about":[{"href":"https:\/\/www.paranapraia.com.br\/index.php\/wp-json\/wp\/v2\/types\/post"}],"author":[{"embeddable":true,"href":"https:\/\/www.paranapraia.com.br\/index.php\/wp-json\/wp\/v2\/users\/2"}],"replies":[{"embeddable":true,"href":"https:\/\/www.paranapraia.com.br\/index.php\/wp-json\/wp\/v2\/comments?post=71302"}],"version-history":[{"count":1,"href":"https:\/\/www.paranapraia.com.br\/index.php\/wp-json\/wp\/v2\/posts\/71302\/revisions"}],"predecessor-version":[{"id":71304,"href":"https:\/\/www.paranapraia.com.br\/index.php\/wp-json\/wp\/v2\/posts\/71302\/revisions\/71304"}],"wp:featuredmedia":[{"embeddable":true,"href":"https:\/\/www.paranapraia.com.br\/index.php\/wp-json\/wp\/v2\/media\/71303"}],"wp:attachment":[{"href":"https:\/\/www.paranapraia.com.br\/index.php\/wp-json\/wp\/v2\/media?parent=71302"}],"wp:term":[{"taxonomy":"category","embeddable":true,"href":"https:\/\/www.paranapraia.com.br\/index.php\/wp-json\/wp\/v2\/categories?post=71302"},{"taxonomy":"post_tag","embeddable":true,"href":"https:\/\/www.paranapraia.com.br\/index.php\/wp-json\/wp\/v2\/tags?post=71302"}],"curies":[{"name":"wp","href":"https:\/\/api.w.org\/{rel}","templated":true}]}}