{"id":7128,"date":"2019-04-18T13:02:50","date_gmt":"2019-04-18T16:02:50","guid":{"rendered":"https:\/\/www.paranapraia.com.br\/?p=7128"},"modified":"2019-04-18T13:02:51","modified_gmt":"2019-04-18T16:02:51","slug":"secretaria-de-saude-orienta-escolas-creches-e-lares-a-realizar-prevencao-da-influenza-b","status":"publish","type":"post","link":"https:\/\/www.paranapraia.com.br\/index.php\/2019\/04\/18\/secretaria-de-saude-orienta-escolas-creches-e-lares-a-realizar-prevencao-da-influenza-b\/","title":{"rendered":"Secretaria de Sa\u00fade orienta escolas, creches e lares a realizar preven\u00e7\u00e3o da Influenza B"},"content":{"rendered":"\n<h4 class=\"wp-block-heading\">\n\nSecret\u00e1ria encaminhou documento da Vigil\u00e2ncia Epidemiol\u00f3gica para orientar escolas municipais, estaduais e particulares, creches e lares de meninos e meninas e idosos.<\/h4>\n\n\n\n<p>\n\nA Secretaria Municipal de Sa\u00fade encaminhou \u00e0s escolas municipais, estaduais e particulares, creches, lares dos meninos e das meninas e dos idosos de Paranagu\u00e1 para que ajudem na divulga\u00e7\u00e3o e tomem provid\u00eancias para prevenir a Influenza B nas escolas. S\u00e3o medidas simples de higiene, que devem ser colocadas em pr\u00e1tica para que o cont\u00e1gio n\u00e3o ocorra.&nbsp;<\/p>\n\n\n\n<p>O documento assinado pela enfermeira Andrea Gomes de Moura presta as orienta\u00e7\u00f5es para que crian\u00e7as e idosos sejam protegidos. \u201cNeste per\u00edodo do ano, no qual as temperaturas tendem a cair, as pessoas normalmente deixam os ambientes fechados, o que \u00e9 errado e pode contribuir para a prolifera\u00e7\u00e3o do v\u00edrus da gripe e cont\u00e1gio de mais pessoas. Por isso resolvemos orientar sobretudo esses estabelecimentos\u201d, salientou a secret\u00e1ria municipal de Sa\u00fade, L\u00edgia Regina de Campos Cordeiro.<\/p>\n\n\n\n<p>Para prevenir a transmiss\u00e3o \u00e9 recomendado manter os ambientes ventilados, implementar medidas de higiene no ambiente escolar e estimular que as pessoas que frequentam locais com grande circula\u00e7\u00e3o de pessoas apliquem a etiqueta respirat\u00f3ria (cuidados ao tossir ou espirrar, para n\u00e3o propagar mais o v\u00edrus). Aumentar a ingest\u00e3o de l\u00edquidos \u00e9 outra medida importante.&nbsp;<\/p>\n\n\n\n<p>Contrariando o que afirmam algumas not\u00edcias falsas (fake news) que circulam nas redes sociais, a Secretaria Municipal de Sa\u00fade informa que n\u00e3o est\u00e1 indicada a suspens\u00e3o das aulas e demais atividades como medida de prevenn\u00e7\u00e3o e controle da infec\u00e7\u00e3o. \u201cAl\u00e9m disso, alunos, professores e demais funcion\u00e1rios que adoecerem devem permanecer em casa at\u00e9 cessar a febre, para haver a diminui\u00e7\u00e3o da transmiss\u00e3o. Ao retornar \u00e0 escola a etiqueta respirat\u00f3ria deve ser mantida\u201d, completa a enfermeira Andrea, no documento.&nbsp;<\/p>\n\n\n\n<p>A vacina \u00e9 outra medida de preven\u00e7\u00e3o. Doses continuam dispon\u00edveis em todas as unidades de sa\u00fade de Paranagu\u00e1, incluindo as sete que funcionam com hor\u00e1rio estendido, das 18h \u00e0s 23h. Nesta primeira etapa, que termina nesta semana, podem ser imunizados crian\u00e7as de seis meses a 6 anos incompletos, gr\u00e1vidas em qualquer per\u00edodo gestacional e pu\u00e9rperas (45 dias ap\u00f3s o parto).&nbsp;<\/p>\n\n\n\n<p>PROTE\u00c7\u00c3O INDIVIDUAL<\/p>\n\n\n\n<p>Al\u00e9m das medidas coletivas, a Secretaria Municipal de Sa\u00fade tamb\u00e9m repassa algumas para prote\u00e7\u00e3o individual, que devem ser estimuladas tamb\u00e9m por professores, pelos cuidadores e servidores de escolas, creches e lares. S\u00e3o elas:<\/p>\n\n\n\n<p>1) Higienizar as m\u00e3os com \u00e1gua e sabonete\/sab\u00e3o antes das refei\u00e7\u00f5es, ap\u00f3s tossir ou espirrar ou depois de usar o banheiro;<br>2) Evitar tocar os olhos, nariz ou boca ap\u00f3s tossir ou espirrar ou ap\u00f3s contato com superf\u00edcies (como ma\u00e7anetas);<br>3) N\u00e3o compartilhar alimentos, copos, toalhas e objetos de uso pessoal;<br>4) Proteger com len\u00e7os (preferencialmente descart\u00e1veis) a boca e nariz ao tossir ou espirrar para evitar dissemina\u00e7\u00e3o de got\u00edculas das secre\u00e7\u00f5es. Na impossibilidade de serem usados len\u00e7os, recomenda-se proteger a face junto \u00e0 dobra do cotovelo ao tossir ou espirrar (etiqueta respirat\u00f3ria).<\/p>\n\n\n\n<p>Escolas, creches, asilos e outras institui\u00e7\u00f5es que registrem bastante concentra\u00e7\u00e3o de pessoas devem implementar medidas que diminuam a contamina\u00e7\u00e3o de objetos e ambientes. S\u00e3o elas:<\/p>\n\n\n\n<p>1) Prover dispensadores com prepara\u00e7\u00f5es alco\u00f3licas para as m\u00e3os e estimular os alunos a higieniz\u00e1-las ap\u00f3s o contato com secre\u00e7\u00f5es respirat\u00f3rias;<br>2) Prover lavat\u00f3rio\/pia com dispensador de sabonete l\u00edquido, suporte para papel toalha, lixeira com tampa com acionamento por pedal, para o descarte de len\u00e7os e lixo;<br>3) Realizar a limpeza a desinfec\u00e7\u00e3o das superf\u00edcies das salas de aula e demais espa\u00e7os da escola (classes, cadeiras, mesas, aparelhos e equipamentos de educa\u00e7\u00e3o f\u00edsica) ap\u00f3s o uso. O v\u00edrus da Influenza \u00e9 inativado pelo \u00e1lcool a 70% e pelo cloro. Portanto, preconiza-se a limpeza das superf\u00edcies, com detergente neutro seguida de desinfec\u00e7\u00e3o de solu\u00e7\u00f5es desinfetantes.<br>4) Preferir n\u00e3o utilizar bebedouros. No entanto, na impossibilidade disto, evitar compartilhamento de copos\/vasilhas. Estimular a utiliza\u00e7\u00e3o de garrafas de \u00e1gua individuais;<br>5) Em creches, lavar regularmente os brinquedos com \u00e1gua e sabonete\/sab\u00e3o;<br>6) Manter ambientes arejados;<br>7) Evitar o contato da crian\u00e7a doente com as demais. Recomenda-se que a crian\u00e7a doente fique em casa, a fim de evitar a transmiss\u00e3o da doen\u00e7a.\u00a0<\/p>\n\n\n\n<p>Assessoria<\/p>\n","protected":false},"excerpt":{"rendered":"<p>Secret\u00e1ria encaminhou documento da Vigil\u00e2ncia Epidemiol\u00f3gica para orientar escolas municipais, estaduais e particulares, creches e lares de meninos e meninas e idosos. A Secretaria Municipal de Sa\u00fade encaminhou \u00e0s escolas municipais, estaduais e particulares, creches, lares dos meninos e das meninas e dos idosos de Paranagu\u00e1 para que ajudem na divulga\u00e7\u00e3o e tomem provid\u00eancias para [&hellip;]<\/p>\n","protected":false},"author":2,"featured_media":7129,"comment_status":"open","ping_status":"open","sticky":false,"template":"","format":"standard","meta":{"advanced_seo_description":"","jetpack_seo_html_title":"","jetpack_seo_noindex":false,"_jetpack_memberships_contains_paid_content":false,"footnotes":""},"categories":[42],"tags":[],"class_list":{"0":"post-7128","1":"post","2":"type-post","3":"status-publish","4":"format-standard","5":"has-post-thumbnail","7":"category-cidades"},"jetpack_featured_media_url":"https:\/\/www.paranapraia.com.br\/wp-content\/uploads\/2019\/04\/inf.jpg","jetpack_sharing_enabled":true,"_links":{"self":[{"href":"https:\/\/www.paranapraia.com.br\/index.php\/wp-json\/wp\/v2\/posts\/7128"}],"collection":[{"href":"https:\/\/www.paranapraia.com.br\/index.php\/wp-json\/wp\/v2\/posts"}],"about":[{"href":"https:\/\/www.paranapraia.com.br\/index.php\/wp-json\/wp\/v2\/types\/post"}],"author":[{"embeddable":true,"href":"https:\/\/www.paranapraia.com.br\/index.php\/wp-json\/wp\/v2\/users\/2"}],"replies":[{"embeddable":true,"href":"https:\/\/www.paranapraia.com.br\/index.php\/wp-json\/wp\/v2\/comments?post=7128"}],"version-history":[{"count":1,"href":"https:\/\/www.paranapraia.com.br\/index.php\/wp-json\/wp\/v2\/posts\/7128\/revisions"}],"predecessor-version":[{"id":7130,"href":"https:\/\/www.paranapraia.com.br\/index.php\/wp-json\/wp\/v2\/posts\/7128\/revisions\/7130"}],"wp:featuredmedia":[{"embeddable":true,"href":"https:\/\/www.paranapraia.com.br\/index.php\/wp-json\/wp\/v2\/media\/7129"}],"wp:attachment":[{"href":"https:\/\/www.paranapraia.com.br\/index.php\/wp-json\/wp\/v2\/media?parent=7128"}],"wp:term":[{"taxonomy":"category","embeddable":true,"href":"https:\/\/www.paranapraia.com.br\/index.php\/wp-json\/wp\/v2\/categories?post=7128"},{"taxonomy":"post_tag","embeddable":true,"href":"https:\/\/www.paranapraia.com.br\/index.php\/wp-json\/wp\/v2\/tags?post=7128"}],"curies":[{"name":"wp","href":"https:\/\/api.w.org\/{rel}","templated":true}]}}