{"id":71268,"date":"2025-07-31T18:35:15","date_gmt":"2025-07-31T21:35:15","guid":{"rendered":"https:\/\/www.paranapraia.com.br\/?p=71268"},"modified":"2025-07-31T18:35:17","modified_gmt":"2025-07-31T21:35:17","slug":"20o-paranagua-motos-retorna-com-show-nacional-da-banda-tihuana-e-programacao-cultural-neste-fim-de-semana","status":"publish","type":"post","link":"https:\/\/www.paranapraia.com.br\/index.php\/2025\/07\/31\/20o-paranagua-motos-retorna-com-show-nacional-da-banda-tihuana-e-programacao-cultural-neste-fim-de-semana\/","title":{"rendered":"20\u00ba Paranagu\u00e1 Motos retorna com show nacional da banda Tihuana e programa\u00e7\u00e3o cultural neste fim de semana"},"content":{"rendered":"\n<p>Est\u00e1 chegando o grande momento. Ap\u00f3s um intervalo de seis anos, o tradicional Paranagu\u00e1 Motos retorna em grande estilo. Em sua 20\u00aa edi\u00e7\u00e3o, o evento ser\u00e1 realizado a partir desta sexta-feira, 1\u00ba, at\u00e9 domingo, 3 de agosto, na Pra\u00e7a de Eventos do Centro Hist\u00f3rico, e promete transformar a cidade no placo de um Encontro Internacional de Motociclistas. A expectativa \u00e9 reunir grupos de todo o Brasil e de pa\u00edses vizinhos, celebrando a cultura sobre duas rodas com uma programa\u00e7\u00e3o intensa e multicultural.<\/p>\n\n\n\n<p>Idealizado pelo grupo Robalos Rebeldes, o evento faz parte do calend\u00e1rio oficial de festividades do munic\u00edpio, que recentemente completou 377 anos. Mais do que uma celebra\u00e7\u00e3o da cultura sobre duas rodas, o encontro \u00e9 uma grande vitrine tur\u00edstica e cultural, com impacto direto na economia local, especialmente no com\u00e9rcio, na rede hoteleira e na gastronomia.<\/p>\n\n\n\n<p>O prefeito Adriano Ramos destacou a import\u00e2ncia da retomada do evento. \u201cO Paranagu\u00e1 Motos \u00e9 de suma import\u00e2ncia para a cultura e o turismo da nossa cidade, e \u00e9 claro que a Prefeitura oferece total apoio aos organizadores. O munic\u00edpio est\u00e1 de bra\u00e7os abertos para receber todos os visitantes\u201d, disse.<\/p>\n\n\n\n<p>A programa\u00e7\u00e3o conta com dezenas de bandas locais e covers, al\u00e9m de uma grande atra\u00e7\u00e3o nacional: a banda Tihuana, conhecida por hits como Tropa de Elite, Pula, Um de Cada Vez e Renata. O show acontece no s\u00e1bado (2), \u00e0s 22h.<\/p>\n\n\n\n<p>Programa\u00e7\u00e3o art\u00edstica \u2013 Paranagu\u00e1 Motos 2025<\/p>\n\n\n\n<p>Sexta-feira \u2013 1\u00ba de agosto<\/p>\n\n\n\n<p>18:00 \u2013 Abertura<\/p>\n\n\n\n<p>18:30 \u2013 Mitzrael<\/p>\n\n\n\n<p>20:00 \u2013 Duca Sessions<\/p>\n\n\n\n<p>21:30 \u2013 Fabinho Artista<\/p>\n\n\n\n<p>23:00 \u2013 Gera\u00e7\u00e3o Coca Cola<\/p>\n\n\n\n<p>S\u00e1bado \u2013 2 de agosto<\/p>\n\n\n\n<p>11:00 \u2013 Menino J (J-A-Y)<\/p>\n\n\n\n<p>13:00 \u2013 Olhar 43<\/p>\n\n\n\n<p>15:00 \u2013 CPM 22 Cover<\/p>\n\n\n\n<p>17:00 \u2013 Rota 407<\/p>\n\n\n\n<p>19:00 \u2013 Violet<\/p>\n\n\n\n<p>22:00 \u2013 Tihuana<\/p>\n\n\n\n<p>Domingo \u2013 3 de agosto<\/p>\n\n\n\n<p>11:00 \u2013 Tomarock<\/p>\n\n\n\n<p>12:30 \u2013 Cristal Schock<\/p>\n\n\n\n<p>14:00 \u2013 Tio Brother<\/p>\n\n\n\n<p>15:30 \u2013 City Devil\u2019s<\/p>\n\n\n\n<p>17:00 \u2013 Banda Echoz<\/p>\n\n\n\n<p>18:00 \u2013 Encerramento<\/p>\n\n\n\n<p>Prefeitura de Paranagu\u00e1<\/p>\n","protected":false},"excerpt":{"rendered":"<p>Est\u00e1 chegando o grande momento. Ap\u00f3s um intervalo de seis anos, o tradicional Paranagu\u00e1 Motos retorna em grande estilo. Em sua 20\u00aa edi\u00e7\u00e3o, o evento ser\u00e1 realizado a partir desta sexta-feira, 1\u00ba, at\u00e9 domingo, 3 de agosto, na Pra\u00e7a de Eventos do Centro Hist\u00f3rico, e promete transformar a cidade no placo de um Encontro Internacional [&hellip;]<\/p>\n","protected":false},"author":2,"featured_media":71269,"comment_status":"open","ping_status":"open","sticky":false,"template":"","format":"standard","meta":{"advanced_seo_description":"","jetpack_seo_html_title":"","jetpack_seo_noindex":false,"_jetpack_memberships_contains_paid_content":false,"footnotes":""},"categories":[77],"tags":[],"class_list":{"0":"post-71268","1":"post","2":"type-post","3":"status-publish","4":"format-standard","5":"has-post-thumbnail","7":"category-paranagua"},"jetpack_featured_media_url":"https:\/\/www.paranapraia.com.br\/wp-content\/uploads\/2025\/07\/17592-scaled.jpg","jetpack_sharing_enabled":true,"_links":{"self":[{"href":"https:\/\/www.paranapraia.com.br\/index.php\/wp-json\/wp\/v2\/posts\/71268"}],"collection":[{"href":"https:\/\/www.paranapraia.com.br\/index.php\/wp-json\/wp\/v2\/posts"}],"about":[{"href":"https:\/\/www.paranapraia.com.br\/index.php\/wp-json\/wp\/v2\/types\/post"}],"author":[{"embeddable":true,"href":"https:\/\/www.paranapraia.com.br\/index.php\/wp-json\/wp\/v2\/users\/2"}],"replies":[{"embeddable":true,"href":"https:\/\/www.paranapraia.com.br\/index.php\/wp-json\/wp\/v2\/comments?post=71268"}],"version-history":[{"count":1,"href":"https:\/\/www.paranapraia.com.br\/index.php\/wp-json\/wp\/v2\/posts\/71268\/revisions"}],"predecessor-version":[{"id":71270,"href":"https:\/\/www.paranapraia.com.br\/index.php\/wp-json\/wp\/v2\/posts\/71268\/revisions\/71270"}],"wp:featuredmedia":[{"embeddable":true,"href":"https:\/\/www.paranapraia.com.br\/index.php\/wp-json\/wp\/v2\/media\/71269"}],"wp:attachment":[{"href":"https:\/\/www.paranapraia.com.br\/index.php\/wp-json\/wp\/v2\/media?parent=71268"}],"wp:term":[{"taxonomy":"category","embeddable":true,"href":"https:\/\/www.paranapraia.com.br\/index.php\/wp-json\/wp\/v2\/categories?post=71268"},{"taxonomy":"post_tag","embeddable":true,"href":"https:\/\/www.paranapraia.com.br\/index.php\/wp-json\/wp\/v2\/tags?post=71268"}],"curies":[{"name":"wp","href":"https:\/\/api.w.org\/{rel}","templated":true}]}}