{"id":71265,"date":"2025-07-31T18:32:34","date_gmt":"2025-07-31T21:32:34","guid":{"rendered":"https:\/\/www.paranapraia.com.br\/?p=71265"},"modified":"2025-07-31T18:32:35","modified_gmt":"2025-07-31T21:32:35","slug":"programa-sanepar-perto-de-voce-leva-servicos-e-acoes-educativas-a-populacao-de-morretes","status":"publish","type":"post","link":"https:\/\/www.paranapraia.com.br\/index.php\/2025\/07\/31\/programa-sanepar-perto-de-voce-leva-servicos-e-acoes-educativas-a-populacao-de-morretes\/","title":{"rendered":"Programa Sanepar Perto de Voc\u00ea leva servi\u00e7os e a\u00e7\u00f5es educativas \u00e0 popula\u00e7\u00e3o de Morretes"},"content":{"rendered":"\n<p>Em sua quinta edi\u00e7\u00e3o, o \u201cSanepar Perto de Voc\u00ea\u201d esteve nesta quinta-feira (31) em Morretes, no Litoral do Estado. O programa, que tem como principal objetivo estreitar o relacionamento da Companhia com a comunidade, promoveu oficina de produ\u00e7\u00e3o de sab\u00e3o sustent\u00e1vel, atividades l\u00fadicas com alunos das escolas da cidade, levou servi\u00e7os da empresa, orienta\u00e7\u00e3o de descarte consciente, distribui\u00e7\u00e3o de \u00e1gua no carrinho de hidrata\u00e7\u00e3o e apresenta\u00e7\u00e3o do prot\u00f3tipo de um novo bebedouro, voltado a pessoas e pets.<\/p>\n\n\n\n<p>Houve tamb\u00e9m a participa\u00e7\u00e3o do Rotary Sanepar, com a campanha de coleta de lacres de alum\u00ednio em prol da a\u00e7\u00e3o Mobilidade para Todos, que visa a aquisi\u00e7\u00e3o de cadeiras de rodas, e a arrecada\u00e7\u00e3o de tampinhas pl\u00e1sticas, em apoio da a\u00e7\u00e3o Pet Amigo, que contribui para a castra\u00e7\u00e3o de animais resgatados.<\/p>\n\n\n\n<p>Duzentas mudas de \u00e1rvores frut\u00edferas foram distribu\u00eddas para os visitantes. As a\u00e7\u00f5es ocorreram no Centro Pastoral Santo Ant\u00f4nio, da Par\u00f3quia Nossa Senhora do Porto<\/p>\n\n\n\n<p><strong>ATRA\u00c7\u00d5ES<\/strong>&nbsp;&#8211; Os personagens Sane da Sanepar,&nbsp;Z\u00e9 Gotinha e Super Rotariano&nbsp;interagiram com as crian\u00e7as que visitaram o Centro Pastoral e assistiram \u00e0s apresenta\u00e7\u00f5es de fanfarra e dan\u00e7a de escolas locais.<\/p>\n\n\n\n<p>A artista pl\u00e1stica Lea Cristina de Souza montou uma exposi\u00e7\u00e3o com artefatos em madeira de demoli\u00e7\u00e3o, fibra e materiais sustent\u00e1veis com tema n\u00e1utico. \u201cFui convidada para participar do evento e associando Sanepar e \u00e1gua, trouxe elementos marinhos para criar esse ambiente que se conecta\u201d, explica.<\/p>\n\n\n\n<p>O diretor-presidente da Sanepar, Wilson Bley, avalia que o programa cumpre seu papel no relacionamento com a sociedade. \u201c\u00c9 uma a\u00e7\u00e3o que aproxima as pessoas, com a Sanepar mostrando seus servi\u00e7os e possibilitando esse di\u00e1logo para atender a popula\u00e7\u00e3o com suas reivindica\u00e7\u00f5es\u201d, salienta. \u201cA parceria com a Prefeitura de Morretes tamb\u00e9m d\u00e1 espa\u00e7o para esse di\u00e1logo aberto com a sociedade\u201d, completa.<\/p>\n\n\n\n<p>\u201cRecebemos o evento com alegria e o reconhecimento de uma parceria eficaz com a Sanepar, que atrav\u00e9s do trabalho conjunto beneficia toda a popula\u00e7\u00e3o\u201d, disse o prefeito de Morretes, J\u00fanior Brindaroll.<\/p>\n\n\n\n<p>Criado no ano passado, o Programa Sanepar Perto de Voc\u00ea j\u00e1 passou pelos munic\u00edpios de Tijucas do Sul, Agudos do Sul, Contenda e Porto Amazonas.<\/p>\n\n\n\n<p><strong>ABASTECIMENTO&nbsp;<\/strong>&#8211; Morretes \u00e9 abastecida pelas capta\u00e7\u00f5es do Rio Iporanga e do Rio Salto Arrast\u00e3o. Ambos os pontos podem captar em m\u00e9dia mais de 93 milh\u00f5es de litros de \u00e1gua mensalmente. O munic\u00edpio tem uma esta\u00e7\u00e3o de tratamento, respons\u00e1vel por manter a qualidade e potabilidade da \u00e1gua para a popula\u00e7\u00e3o.<\/p>\n\n\n\n<p>No come\u00e7o de julho, a Sanepar programou testes em registros da rede de \u00e1gua de Morretes, ligados \u00e0s obras de amplia\u00e7\u00e3o e otimiza\u00e7\u00e3o do sistema de abastecimento da cidade. Cerca de 15 quil\u00f4metros de redes de \u00e1gua j\u00e1 foram implantados, al\u00e9m de novos equipamentos, como v\u00e1lvulas redutoras de press\u00e3o, booster e macromedidores. O investimento nestas obras \u00e9 de aproximadamente R$ 4 milh\u00f5es.<\/p>\n\n\n\n<p><strong>PRESEN\u00c7AS<\/strong>&nbsp;&#8211; Tamb\u00e9m participaram do evento, o diretor comercial da Sanepar, Bihll Zanetti, o diretor de Meio Ambiente e A\u00e7\u00e3o Social, Julio Cesar Gonchorosky, o chefe de gabinete Fabr\u00edcio Haesbaert, e toda equipe de apoio do Sanepar Perto de Voc\u00ea.<\/p>\n\n\n\n<p>AEN\/PR<\/p>\n","protected":false},"excerpt":{"rendered":"<p>Em sua quinta edi\u00e7\u00e3o, o \u201cSanepar Perto de Voc\u00ea\u201d esteve nesta quinta-feira (31) em Morretes, no Litoral do Estado. O programa, que tem como principal objetivo estreitar o relacionamento da Companhia com a comunidade, promoveu oficina de produ\u00e7\u00e3o de sab\u00e3o sustent\u00e1vel, atividades l\u00fadicas com alunos das escolas da cidade, levou servi\u00e7os da empresa, orienta\u00e7\u00e3o de [&hellip;]<\/p>\n","protected":false},"author":2,"featured_media":71266,"comment_status":"open","ping_status":"open","sticky":false,"template":"","format":"standard","meta":{"advanced_seo_description":"","jetpack_seo_html_title":"","jetpack_seo_noindex":false,"_jetpack_memberships_contains_paid_content":false,"footnotes":""},"categories":[125],"tags":[],"class_list":{"0":"post-71265","1":"post","2":"type-post","3":"status-publish","4":"format-standard","5":"has-post-thumbnail","7":"category-morretes"},"jetpack_featured_media_url":"https:\/\/www.paranapraia.com.br\/wp-content\/uploads\/2025\/07\/250731_sanepar_morretes_1.jpg","jetpack_sharing_enabled":true,"_links":{"self":[{"href":"https:\/\/www.paranapraia.com.br\/index.php\/wp-json\/wp\/v2\/posts\/71265"}],"collection":[{"href":"https:\/\/www.paranapraia.com.br\/index.php\/wp-json\/wp\/v2\/posts"}],"about":[{"href":"https:\/\/www.paranapraia.com.br\/index.php\/wp-json\/wp\/v2\/types\/post"}],"author":[{"embeddable":true,"href":"https:\/\/www.paranapraia.com.br\/index.php\/wp-json\/wp\/v2\/users\/2"}],"replies":[{"embeddable":true,"href":"https:\/\/www.paranapraia.com.br\/index.php\/wp-json\/wp\/v2\/comments?post=71265"}],"version-history":[{"count":1,"href":"https:\/\/www.paranapraia.com.br\/index.php\/wp-json\/wp\/v2\/posts\/71265\/revisions"}],"predecessor-version":[{"id":71267,"href":"https:\/\/www.paranapraia.com.br\/index.php\/wp-json\/wp\/v2\/posts\/71265\/revisions\/71267"}],"wp:featuredmedia":[{"embeddable":true,"href":"https:\/\/www.paranapraia.com.br\/index.php\/wp-json\/wp\/v2\/media\/71266"}],"wp:attachment":[{"href":"https:\/\/www.paranapraia.com.br\/index.php\/wp-json\/wp\/v2\/media?parent=71265"}],"wp:term":[{"taxonomy":"category","embeddable":true,"href":"https:\/\/www.paranapraia.com.br\/index.php\/wp-json\/wp\/v2\/categories?post=71265"},{"taxonomy":"post_tag","embeddable":true,"href":"https:\/\/www.paranapraia.com.br\/index.php\/wp-json\/wp\/v2\/tags?post=71265"}],"curies":[{"name":"wp","href":"https:\/\/api.w.org\/{rel}","templated":true}]}}