{"id":71262,"date":"2025-07-31T16:05:32","date_gmt":"2025-07-31T19:05:32","guid":{"rendered":"https:\/\/www.paranapraia.com.br\/?p=71262"},"modified":"2025-07-31T16:05:34","modified_gmt":"2025-07-31T19:05:34","slug":"ilha-do-mel-da-inicio-ao-festival-jazz-a-gosto-2025-com-musica-e-natureza-em-perfeita-harmonia","status":"publish","type":"post","link":"https:\/\/www.paranapraia.com.br\/index.php\/2025\/07\/31\/ilha-do-mel-da-inicio-ao-festival-jazz-a-gosto-2025-com-musica-e-natureza-em-perfeita-harmonia\/","title":{"rendered":"Ilha do Mel d\u00e1 in\u00edcio ao Festival Jazz A Gosto 2025 com m\u00fasica e natureza em perfeita harmonia"},"content":{"rendered":"\n<p><em>Primeiro dos cinco fins de semana do Festival come\u00e7a neste s\u00e1bado com shows gratuitos no palco da pra\u00e7a Felipe Valentim e no Circuito Off<\/em><\/p>\n\n\n\n<p>A partir deste fim de semana, a Ilha do Mel volta a se transformar em um palco ao ar livre, atraindo turistas apaixonados por boa m\u00fasica e pela natureza exuberante que a Ilha proporciona. Na comunidade de Nova Bras\u00edlia, acontece h\u00e1 11 anos o Festival Jazz A Gosto, um evento j\u00e1 consolidado como uma das maiores celebra\u00e7\u00f5es da m\u00fasica instrumental no Brasil, reunindo artistas renomados e revela\u00e7\u00f5es da cena jazz\u00edstica.&nbsp; Este ano a estimativa \u00e9 repetir o sucesso do ano passado, quando 60 mil pessoas compareceram \u00e0 Ilha do Mel nos cinco fins de semana do m\u00eas.<\/p>\n\n\n\n<p>Nesta estreia, nos dias 2 e 3 de agosto, no Festival Jazz A Gosto o p\u00fablico poder\u00e1 acompanhar shows de nomes como o saxofonista Paulo Levi, que atua internacionalmente na China e marca presen\u00e7a em muitos festivais de jazz pelo mundo; o cantor e compositor Adriano Trindade, de volta ao Brasil ap\u00f3s uma temporada na Alemanha. Destaque tamb\u00e9m para fortes presen\u00e7as no cen\u00e1rio local e nacional, como o violonista Gabriel Vieira, o bandolinista Daniel Migliavacca, o violoncelista Leonardo Destro e as cantoras Ana Paula da Silva e Clari\u00f4 Silva.<\/p>\n\n\n\n<p>Para o curador Glauco S\u00f6lter, a diversidade musical e a conex\u00e3o com o esp\u00edrito da Ilha do Mel s\u00e3o marcas essenciais da curadoria. &#8220;A programa\u00e7\u00e3o nasce de maneira org\u00e2nica, a partir de nomes que se destacam na cena instrumental e artistas que entram em contato ao longo do ano. Procuramos compor um panorama que contempla talentos locais, m\u00fasicos consagrados e propostas art\u00edsticas que dialoguem com a beleza e a filosofia da Ilha \u2014 m\u00fasica que respeita o ambiente e potencializa a experi\u00eancia sensorial de quem est\u00e1 aqui&#8221;, afirma.<\/p>\n\n\n\n<p>Os shows se estendem por todos os cinco fins de semana de agosto, nas comunidades de Bras\u00edlia e Encantadas, com apresenta\u00e7\u00f5es gratuitas e experi\u00eancias imersivas que conectam arte, cultura e meio ambiente. O palco principal do Festival Jazz A Gosto ser\u00e1 montado na Pra\u00e7a Felipe Valentim, mas a m\u00fasica tamb\u00e9m vai ecoar em outros cantos da Ilha, com shows intimistas no Circuito Off \u2014 passando pela Pousada das Meninas, Treze Luas e Ilha do Mel Caf\u00e9, no Farol; pelo Sossegos, na Praia Grande; e pelo Bar do Canto, no Canto da V\u00f3.<\/p>\n\n\n\n<p>Mais do que um festival de m\u00fasica, o Jazz A Gosto se consolidou como uma experi\u00eancia coletiva, constru\u00edda a muitas m\u00e3os. &#8220;A comunidade da ilha abra\u00e7ou o Festival. Desde o primeiro ano, percebemos como moradores, empreendedores e artistas se mobilizam para que tudo aconte\u00e7a. Hoje, o evento \u00e9 motivo de orgulho local e tem reconhecimento nacional como um dos grandes festivais de jazz do Brasil&#8221;, destaca Suzi Albino, da comiss\u00e3o organizadora.<\/p>\n\n\n\n<p>Segundo Suzi, o envolvimento da comunidade vai muito al\u00e9m do apoio log\u00edstico. &#8220;Desde o menino do carreto at\u00e9 as pousadas, restaurantes e empresas n\u00e1uticas, todos ganham&#8221;, ressalta. Segundo ela, o esfor\u00e7o coletivo somado aos patrocinadores e apoiadores,&nbsp;&nbsp; \u00e9 que torna o evento poss\u00edvel. Entre os patrocinadores e apoiadores est\u00e3o pousadas e restaurantes, al\u00e9m das marcas de bebidas Heineken, Mamba Water, Hidromel, Vinhos Suntana e Honey Drinks. O evento conta ainda com o apoio das empresas de transporte como a Via\u00e7\u00e3o Graciosa, a Abaline e o Estacionamento Portal do Mel.<\/p>\n\n\n\n<p><strong>11 anos de jazz na Ilha do Mel<\/strong><br>Em agosto, o jazz se espalha pela Ilha do Mel e movimenta as comunidades de Nova Bras\u00edlia e Encantadas \u2014 os dois principais n\u00facleos de moradores e de infraestrutura tur\u00edstica da regi\u00e3o. As pousadas, com \u00edndices de ocupa\u00e7\u00e3o equiparados com a alta temporada, j\u00e1 est\u00e3o praticamente lotadas para os cinco fins de semana do m\u00eas. O Festival Jazz A Gosto celebra 11 anos de hist\u00f3ria desde sua estreia em Nova Bras\u00edlia, em 2014. Em 2016, o som chegou tamb\u00e9m \u00e0 praia de Encantadas. Hoje, a ilha pulsa ao ritmo de tr\u00eas festivais: o Jazz A Gosto e o Ilha do Mel Jazz, em Nova Bras\u00edlia; e o Encantadas Jazz, na praia de Encantadas. As novidades e&nbsp; programa\u00e7\u00e3o podem ser conferidas nas p\u00e1ginas de Instagram dos tr\u00eas festivais: @jazzagostoilhadomel @encantadasjazz e @ilhadomeljazz<\/p>\n\n\n\n<p><strong>PROGRAMA\u00c7\u00c3O FESTIVAL JAZZ A GOSTO<br><br><u>1\u00b0 FIM DE SEMANA (01 E 02 AGOSTO)<\/u><\/strong><\/p>\n\n\n\n<p><strong>Sexta-feira , dia 1\u00ba<br>19h30 Palco Pra\u00e7a<br><\/strong>Ana Paula Silva (voz\/viol\u00e3o) e Clari\u00f4 Silva (voz\/percuss\u00e3o ) participa\u00e7\u00e3o especial Vina Lacerda(percuss\u00e3o)<\/p>\n\n\n\n<p><strong>20h Treze Luas<br><\/strong>Adriano Trindade (voz\/viol\u00e3o) e F\u00e1bio Mello (sax)<\/p>\n\n\n\n<p><strong>21h Ilha do Mel Caf\u00e9<br><\/strong>Paulo Levi Quarteto &#8211; Paulo Levi (sax), Vin\u00edcius Ara\u00fajo (guitarra), Glauco Solter(baixo) e Lu\u00eds Gustavo Rocha (bateria)<\/p>\n\n\n\n<p><strong>S\u00e1bado, dia 2<br>13h Palco Pra\u00e7a<br><\/strong>Destro Cello Trio- Leonardo Destro(violoncelo), Jean da Rosa (teclado) Rhuan Rodrigues (bateria)<\/p>\n\n\n\n<p><strong>15h Palco Pra\u00e7a<br><\/strong>Daniel Migliavacca Trio &#8211; Daniel Migliavacca (bandolim), Gabriel Vieira (violino) e Vina Lacerda (percuss\u00e3o)<\/p>\n\n\n\n<p><strong>17h Treze Luas<br><\/strong>Ana Paula Silva (voz\/viol\u00e3o) &#8211; &#8220;Jardineira das Can\u00e7\u00f5es &#8221; participa\u00e7\u00e3o especial F\u00e1bio Mello(sax)<\/p>\n\n\n\n<p><strong>19h Pousada das Meninas<br><\/strong>Adriano Trindade(voz\/viol\u00e3o) convida Gabriel Vieira (violino )<\/p>\n\n\n\n<p><strong>19h Palco Pra\u00e7a<br><\/strong>Carine Luup e Capybara Trio<\/p>\n\n\n\n<p><strong>20h Treze Luas<br><\/strong>Duo Bandolaxo &#8211; Daniel Migliavacca (bandolim) e Glauco Solter (baixo)<\/p>\n\n\n\n<p><strong>21h Ilha do Mel Caf\u00e9<br><\/strong>Clari\u00f4 Silva e Banda &#8211; Clari\u00f4 Silva (voz), Pedro Ribeiro(guitarra), Igor Loureiro (baixo), Jo\u00e3o Soares (bateria) participa\u00e7\u00e3o especial F\u00e1bio Mello(sax)<\/p>\n\n\n\n<p><strong>22h Sossegos (Canto da V\u00f3)<br><\/strong>Rodi Mendes (guitarra) convida Vina Lacerda (percuss\u00e3o)<\/p>\n\n\n\n<p><strong><br><u>2\u00b0 FIM DE SEMANA (08 E 09 DE AGOSTO)<\/u><\/strong><\/p>\n\n\n\n<p><strong>Sexta-feira, dia 8<br>19h30 Palco Pra\u00e7a<br><\/strong>M.U.V. Laborat\u00f3rio Groove<strong>&nbsp;&#8211;&nbsp;<\/strong>K\u00e1tia Drumond (voz) e Ricardo Verocai (teclado) Evangivaldo Santos (baixo) e Davi Rabelo (bateria)<\/p>\n\n\n\n<p><strong>20h Treze Luas<br><\/strong>Cec\u00edlia Carolo (voz) M\u00e1rio Conde (guitarra) e Davi Sartori (piano el\u00e9trico)<\/p>\n\n\n\n<p><strong>21h Ilha do Mel Caf\u00e9<br><\/strong>Mutum Jazz &#8211; Juarez Neto (sax), Duda Comunello (guitarra), Rodrigo Marques (baixo) e Denis Mariano (bateria)<\/p>\n\n\n\n<p><strong>S\u00e1bado, dia 9<br>13h Palco Pra\u00e7a<br><\/strong>Abdiel Freire (sax\/flauta) convida Ricardo Verocai (piano el\u00e9trico) e bat\/percuss\u00e3o<\/p>\n\n\n\n<p><strong>15h Palco Pra\u00e7a<br><\/strong>Sample Coletivo&nbsp; &#8211; Reinaldo Soares (trompete\/sax) e Leonardo Fortunato (guitarra\/program)<\/p>\n\n\n\n<p><strong>17h Treze Luas<br><\/strong>Clarissa Ferreira (voz\/viol\u00e3o) Ana (voz\/violino)<\/p>\n\n\n\n<p><strong>17h Palco Pra\u00e7a<br><\/strong>Nego Blue (voz\/viol\u00e3o) + convidado<strong><br><br>19h Pousada das Meninas<br><\/strong>Cec\u00edlia Carolo Carolo (voz) e M\u00e1rio Conde (guitarra)<\/p>\n\n\n\n<p><strong>19h Palco Pra\u00e7a<br><\/strong>Thais Calderon e Tangar\u00e1&nbsp; &#8211; Thais Calderon (voz), Juarez Neto (sax), Duda Comunello (guitarra), Rodrigo Marques (baixo) e Denis Mariano (bateria)<\/p>\n\n\n\n<p><strong>20h Treze Luas<br><\/strong>Davi Sartori (teclado) e Davi Corr\u00eaa (bateria)<\/p>\n\n\n\n<p><strong>21h Ilha do Mel Caf\u00e9<br><\/strong>M.U.V. convida Abdiel Freire &#8211; K\u00e1tia Drumond (voz),Ricardo Verocai (piano el\u00e9trico), Evangivaldo Santos (baixo), Davi Rabelo (bateria) e Abdiel Freire (sax\/flauta)<\/p>\n\n\n\n<p><strong>22h Sossegos (Canto da V\u00f3)<br><\/strong>Thais Calderon (voz) e Duda Comunello (guitarra)<\/p>\n\n\n\n<p><strong><u>3\u00b0 FIM DE SEMANA (15 E 16 DE AGOSTO)<\/u><\/strong><\/p>\n\n\n\n<p><strong>Sexta-feira, 15<br>19h30 Palco Pra\u00e7a<br><\/strong>Gustavo Garoto (voz\/viol\u00e3o) e Mariana Baraj (voz\/percuss\u00e3o)<\/p>\n\n\n\n<p><strong>20h Treze Luas<br><\/strong>Pri Nogueira (voz), Ana J\u00falia Lima (teclado) e Davi Corr\u00eaa (bateria)<\/p>\n\n\n\n<p><strong>21h Ilha do Mel Caf\u00e9<br><\/strong>Jump Jazz convida Fred Spek &#8211; Marcelo Oliveira (clarinete), Ricardo&nbsp; Kert (guitarra), Giovani Bonfati (baixo ac\u00fastico), Luciano Madalozzo (bateria) e Fred Spek (violino)<\/p>\n\n\n\n<p><strong>S\u00e1bado, 16<br>13h Palco Pra\u00e7a<br><\/strong>Choro Jais Trio &#8211; Gunther Pedroso (viol\u00e3o), Vin\u00edcius Ara\u00fajo (guitarra) e Davi Corr\u00eaa (bateria)<\/p>\n\n\n\n<p><strong>15h Palco Pra\u00e7a<br><\/strong>Pri Nogueira e Jump Jazz<\/p>\n\n\n\n<p><strong>17h Treze Luas<br><\/strong>Gustavo Garoto (voz\/viol\u00e3o\/acordeom)<\/p>\n\n\n\n<p><strong>19h Pousada das Meninas<br><\/strong>Mariana Baraj (voz\/percuss\u00e3o)<\/p>\n\n\n\n<p><strong>19h Palco Pra\u00e7a<br><\/strong>Fran\u00e7ois Muleka (voz\/viol\u00e3o), Evangivaldo Santos (baixo) e Fernando Lobo (voz\/percuss\u00e3o)<\/p>\n\n\n\n<p><strong>20h Treze Luas<br><\/strong>Vinicius Araujo (guitarra) e Fred Spek (violino)<\/p>\n\n\n\n<p><strong>21h Ilha do Mel Caf\u00e9<br><\/strong>Lima O. Trio &#8211; Ana J\u00falia Lima (teclado), Igor Loureiro (baixo), Jo\u00e3o Soares (bateria)<\/p>\n\n\n\n<p><strong>22h Bar do Canto (Canto da V\u00f3)<br><\/strong>Gladi Sebaje (voz\/viol\u00e3o) convida Vin\u00edcius Ara\u00fajo (guitarra)<\/p>\n\n\n\n<p><strong><u>4\u00b0 FIM DE SEMANA (22 E 23 AGOSTO)<\/u><\/strong><\/p>\n\n\n\n<p><strong>Sexta-feira, 22<br>19h30 Palco Pra\u00e7a<br><\/strong>Ana Decker (voz), Joel M\u00fcller (viol\u00e3o), Pedro Afara (baixo) e Lilo Oro (bateria)<\/p>\n\n\n\n<p><strong>20h Treze Luas<br><\/strong>Wes Ventura (voz\/guitarra) Beb\u00e9 Pacheco (voz)<\/p>\n\n\n\n<p><strong>21h&nbsp; Ilha do Mel Caf\u00e9<br><\/strong>Caio Santos (trompete), Therciano Albuquerque (teclado), Pedro Afara (baixo) e Jo\u00e3o Soares (bateria)<\/p>\n\n\n\n<p><strong>S\u00e1bado, 23<br>13h Palco Pra\u00e7a<br><\/strong>Andr\u00e9 Ribas (acordeon ) e Ot\u00e1vio Augusto (sax\/flauta)<\/p>\n\n\n\n<p><strong>15h Palco Pra\u00e7a<br><\/strong>Reinaldo Soares (trompete), Samuel Strapasson (guitarra) e Lilo Oro (bateria)<\/p>\n\n\n\n<p><strong>17h Treze Luas<br><\/strong>Ana Decker (voz), Joel M\u00fcller (viol\u00e3o) e Vina Lacerda (percuss\u00e3o)<\/p>\n\n\n\n<p><strong>19h Pousada das Meninas<br><\/strong>Caio Santos (teclado) e Paulinho Branco (sax)<\/p>\n\n\n\n<p><strong>19h Palco Pra\u00e7a<br><\/strong>Wes Ventura Trio convida Beb\u00e9 Pacheco- Wes Ventura (voz\/guitarra), Pedro Afara (baixo), Jo\u00e3o Soares (bateria) e Beb\u00e9 Pacheco (voz)<\/p>\n\n\n\n<p><strong>20h Treze Luas<br><\/strong>Therciano Albuquerque (teclado) e Grasiela Piason (voz)<\/p>\n\n\n\n<p><strong>21h Ilha do Mel Caf\u00e9<br><\/strong>Andr\u00e9 Ribas Trio convida Ot\u00e1vio Augusto &#8211;&nbsp; Andr\u00e9 Ribas (acordeon), Joel M\u00fcller (viol\u00e3o), Vina Lacerda&nbsp; (percuss\u00e3o) e Ot\u00e1vio Augusto (sax\/flauta)<\/p>\n\n\n\n<p><strong><u>5\u00b0 FIM DE SEMANA (29 E 30 DE AGOSTO)<\/u><br><br>Sexta-feira, 29<br>19h30 Palco Pra\u00e7a<br><\/strong>Nikole Gouveia Quarteto &#8211; Nikole Gouveia (voz), Ana Marques(teclado), Lucas Schafa (baixo) e Lu\u00eds Fernando Diego (bateria)<\/p>\n\n\n\n<p><strong>20h Treze Luas<br><\/strong>Betinho Zanelato (violino) e Murilo Veronezi (guitarra)<\/p>\n\n\n\n<p><strong>21h Ilha do Mel Caf\u00e9<br><\/strong>Trio MABI &#8211; Trov\u00e3o Rocha (baixo), Gabriel Barbalho (trompete) e Lucas F\u00ea (bateria) participa\u00e7\u00e3o especial Alexandre Rodrigues (flauta)<\/p>\n\n\n\n<p><strong>S\u00e1bado, 30<br>13h Palco Pra\u00e7a<br><\/strong>John Mueller (viol\u00e3o\/voz)<\/p>\n\n\n\n<p><strong>15h Palco Pra\u00e7a<br><\/strong>Grupo Urucum<\/p>\n\n\n\n<p><strong>17h Treze Luas<br><\/strong>Alexandre Rodrigues (flauta e p\u00edfano) e Murilo Veronezi (guitarra)<\/p>\n\n\n\n<p><strong>19h Pousada das Meninas<br><\/strong>Betinho Zanelato (violino) e Jimmy Reuter (guitarra)<\/p>\n\n\n\n<p><strong>19h Palco Pra\u00e7a<br><\/strong>Atra\u00e7\u00e3o a Confirmar<\/p>\n\n\n\n<p><strong>20h Treze Luas<br><\/strong>Gabriel Barbalho (trompete) e Trov\u00e3o Rocha (baixo)<\/p>\n\n\n\n<p><strong>21h Ilha do Mel Caf\u00e9<br><\/strong>Tributo a Aretha Franklin com Nicole Gouveia e Grupo<\/p>\n\n\n\n<p><strong>22h Bar do Canto (Canto da V\u00f3)<br><\/strong>Nego Blue e Jimmy Reuter Trio<\/p>\n\n\n\n<p><strong>Servi\u00e7o<\/strong><\/p>\n\n\n\n<p><strong>11\u00ba Jazz A Gosto<\/strong><\/p>\n\n\n\n<p><strong>Local:&nbsp;<\/strong>Nova Bras\u00edlia&nbsp;&#8211;&nbsp;Ilha do Mel<\/p>\n\n\n\n<p><strong>Quando:&nbsp;<\/strong>Todos os fins de semana de agosto<\/p>\n\n\n\n<p><strong>Programa\u00e7\u00e3o noturna:&nbsp;<\/strong>Circuito Off em pousadas e restaurantes<\/p>\n\n\n\n<p><strong>Mais informa\u00e7\u00f5es:&nbsp;<\/strong>@jazzagostoilhadomel<\/p>\n\n\n\n<p>Assessoria<\/p>\n","protected":false},"excerpt":{"rendered":"<p>Primeiro dos cinco fins de semana do Festival come\u00e7a neste s\u00e1bado com shows gratuitos no palco da pra\u00e7a Felipe Valentim e no Circuito Off A partir deste fim de semana, a Ilha do Mel volta a se transformar em um palco ao ar livre, atraindo turistas apaixonados por boa m\u00fasica e pela natureza exuberante que [&hellip;]<\/p>\n","protected":false},"author":2,"featured_media":71263,"comment_status":"open","ping_status":"open","sticky":false,"template":"","format":"standard","meta":{"advanced_seo_description":"","jetpack_seo_html_title":"","jetpack_seo_noindex":false,"_jetpack_memberships_contains_paid_content":false,"footnotes":""},"categories":[76],"tags":[],"class_list":{"0":"post-71262","1":"post","2":"type-post","3":"status-publish","4":"format-standard","5":"has-post-thumbnail","7":"category-ilha-do-mel"},"jetpack_featured_media_url":"https:\/\/www.paranapraia.com.br\/wp-content\/uploads\/2025\/07\/012-Albori-Jazz-Agosto-2024-scaled.jpg","jetpack_sharing_enabled":true,"_links":{"self":[{"href":"https:\/\/www.paranapraia.com.br\/index.php\/wp-json\/wp\/v2\/posts\/71262"}],"collection":[{"href":"https:\/\/www.paranapraia.com.br\/index.php\/wp-json\/wp\/v2\/posts"}],"about":[{"href":"https:\/\/www.paranapraia.com.br\/index.php\/wp-json\/wp\/v2\/types\/post"}],"author":[{"embeddable":true,"href":"https:\/\/www.paranapraia.com.br\/index.php\/wp-json\/wp\/v2\/users\/2"}],"replies":[{"embeddable":true,"href":"https:\/\/www.paranapraia.com.br\/index.php\/wp-json\/wp\/v2\/comments?post=71262"}],"version-history":[{"count":1,"href":"https:\/\/www.paranapraia.com.br\/index.php\/wp-json\/wp\/v2\/posts\/71262\/revisions"}],"predecessor-version":[{"id":71264,"href":"https:\/\/www.paranapraia.com.br\/index.php\/wp-json\/wp\/v2\/posts\/71262\/revisions\/71264"}],"wp:featuredmedia":[{"embeddable":true,"href":"https:\/\/www.paranapraia.com.br\/index.php\/wp-json\/wp\/v2\/media\/71263"}],"wp:attachment":[{"href":"https:\/\/www.paranapraia.com.br\/index.php\/wp-json\/wp\/v2\/media?parent=71262"}],"wp:term":[{"taxonomy":"category","embeddable":true,"href":"https:\/\/www.paranapraia.com.br\/index.php\/wp-json\/wp\/v2\/categories?post=71262"},{"taxonomy":"post_tag","embeddable":true,"href":"https:\/\/www.paranapraia.com.br\/index.php\/wp-json\/wp\/v2\/tags?post=71262"}],"curies":[{"name":"wp","href":"https:\/\/api.w.org\/{rel}","templated":true}]}}