{"id":71259,"date":"2025-07-31T15:58:00","date_gmt":"2025-07-31T18:58:00","guid":{"rendered":"https:\/\/www.paranapraia.com.br\/?p=71259"},"modified":"2025-07-31T15:58:30","modified_gmt":"2025-07-31T18:58:30","slug":"mutirao-de-triagem-em-fonoaudiologia-para-criancas-e-adolescentes-sera-realizado-para-reduzir-espera","status":"publish","type":"post","link":"https:\/\/www.paranapraia.com.br\/index.php\/2025\/07\/31\/mutirao-de-triagem-em-fonoaudiologia-para-criancas-e-adolescentes-sera-realizado-para-reduzir-espera\/","title":{"rendered":"Mutir\u00e3o de Triagem em fonoaudiologia para crian\u00e7as e adolescentes ser\u00e1 realizado para reduzir espera"},"content":{"rendered":"\n<p>A Prefeitura de Guaratuba, por meio da Secretaria Municipal de Sa\u00fade e da Secretaria Municipal de Educa\u00e7\u00e3o, realizar\u00e1 um mutir\u00e3o de triagem em fonoaudiologia com o objetivo de reduzir a fila de espera e agilizar o atendimento a crian\u00e7as e adolescentes de 2 a 12 anos.<\/p>\n\n\n\n<p>A a\u00e7\u00e3o \u00e9 resultado de reuni\u00f5es conjuntas entre as equipes das duas secretarias, que identificaram a necessidade de reavaliar a demanda existente e propor solu\u00e7\u00f5es mais r\u00e1pidas para os atendimentos. Ap\u00f3s o cruzamento das listas de espera da Sa\u00fade e da Educa\u00e7\u00e3o, foram definidos dois dias de mutir\u00e3o: 9 e 30 de agosto.<\/p>\n\n\n\n<p>O atendimento ser\u00e1 feito por profissionais do Centro de Especialidades Eliane \u2013 Nereidas e do Centro Municipal de Atendimento Educacional Especializado (CMAE), onde tamb\u00e9m ocorrer\u00e3o as triagens. O objetivo \u00e9 garantir o acesso mais \u00e1gil aos servi\u00e7os de fonoaudiologia, contribuindo para o desenvolvimento e qualidade de vida das crian\u00e7as e adolescentes atendidos.<\/p>\n\n\n\n<p>As triagens ocorrer\u00e3o no Centro Municipal de Atendimento Educacional Especializado (CMAE), na Rua Carlos Mafra, n.\u00ba 1600, Cohapar. Mais informa\u00e7\u00f5es pelo contato do WhatsApp: (41) 3472-8729 \/ 3472-8633.<\/p>\n\n\n\n<p>A Prefeitura refor\u00e7a o pedido para que os respons\u00e1veis fiquem atentos \u00e0s convoca\u00e7\u00f5es e mantenham os telefones atualizados, facilitando o contato e a organiza\u00e7\u00e3o dos atendimentos. Essa \u00e9 uma oportunidade importante para dar andamento ao tratamento das crian\u00e7as e adolescentes que aguardam por avalia\u00e7\u00e3o especializada.<\/p>\n\n\n\n<p>Prefeitura de Guaratuba<\/p>\n","protected":false},"excerpt":{"rendered":"<p>A Prefeitura de Guaratuba, por meio da Secretaria Municipal de Sa\u00fade e da Secretaria Municipal de Educa\u00e7\u00e3o, realizar\u00e1 um mutir\u00e3o de triagem em fonoaudiologia com o objetivo de reduzir a fila de espera e agilizar o atendimento a crian\u00e7as e adolescentes de 2 a 12 anos. A a\u00e7\u00e3o \u00e9 resultado de reuni\u00f5es conjuntas entre as [&hellip;]<\/p>\n","protected":false},"author":2,"featured_media":71260,"comment_status":"open","ping_status":"open","sticky":false,"template":"","format":"standard","meta":{"advanced_seo_description":"","jetpack_seo_html_title":"","jetpack_seo_noindex":false,"_jetpack_memberships_contains_paid_content":false,"footnotes":""},"categories":[99],"tags":[],"class_list":{"0":"post-71259","1":"post","2":"type-post","3":"status-publish","4":"format-standard","5":"has-post-thumbnail","7":"category-guaratuba"},"jetpack_featured_media_url":"https:\/\/www.paranapraia.com.br\/wp-content\/uploads\/2025\/07\/ChatGPT-Image-31-de-jul.-de-2025-15_57_50.png","jetpack_sharing_enabled":true,"_links":{"self":[{"href":"https:\/\/www.paranapraia.com.br\/index.php\/wp-json\/wp\/v2\/posts\/71259"}],"collection":[{"href":"https:\/\/www.paranapraia.com.br\/index.php\/wp-json\/wp\/v2\/posts"}],"about":[{"href":"https:\/\/www.paranapraia.com.br\/index.php\/wp-json\/wp\/v2\/types\/post"}],"author":[{"embeddable":true,"href":"https:\/\/www.paranapraia.com.br\/index.php\/wp-json\/wp\/v2\/users\/2"}],"replies":[{"embeddable":true,"href":"https:\/\/www.paranapraia.com.br\/index.php\/wp-json\/wp\/v2\/comments?post=71259"}],"version-history":[{"count":1,"href":"https:\/\/www.paranapraia.com.br\/index.php\/wp-json\/wp\/v2\/posts\/71259\/revisions"}],"predecessor-version":[{"id":71261,"href":"https:\/\/www.paranapraia.com.br\/index.php\/wp-json\/wp\/v2\/posts\/71259\/revisions\/71261"}],"wp:featuredmedia":[{"embeddable":true,"href":"https:\/\/www.paranapraia.com.br\/index.php\/wp-json\/wp\/v2\/media\/71260"}],"wp:attachment":[{"href":"https:\/\/www.paranapraia.com.br\/index.php\/wp-json\/wp\/v2\/media?parent=71259"}],"wp:term":[{"taxonomy":"category","embeddable":true,"href":"https:\/\/www.paranapraia.com.br\/index.php\/wp-json\/wp\/v2\/categories?post=71259"},{"taxonomy":"post_tag","embeddable":true,"href":"https:\/\/www.paranapraia.com.br\/index.php\/wp-json\/wp\/v2\/tags?post=71259"}],"curies":[{"name":"wp","href":"https:\/\/api.w.org\/{rel}","templated":true}]}}