{"id":71253,"date":"2025-07-31T15:49:28","date_gmt":"2025-07-31T18:49:28","guid":{"rendered":"https:\/\/www.paranapraia.com.br\/?p=71253"},"modified":"2025-07-31T15:49:30","modified_gmt":"2025-07-31T18:49:30","slug":"agosto-tera-pouca-chuva-e-muita-amplitude-termica-no-parana-preve-simepar","status":"publish","type":"post","link":"https:\/\/www.paranapraia.com.br\/index.php\/2025\/07\/31\/agosto-tera-pouca-chuva-e-muita-amplitude-termica-no-parana-preve-simepar\/","title":{"rendered":"Agosto ter\u00e1 pouca chuva e muita amplitude t\u00e9rmica no Paran\u00e1, prev\u00ea Simepar"},"content":{"rendered":"\n<p>O m\u00eas de agosto de 2025 come\u00e7a com a passagem de uma frente fria, que deve trazer chuva fraca ao Paran\u00e1. Entretanto, de acordo com o Sistema de Tecnologia e Monitoramento Ambiental do Paran\u00e1 (Simepar), ser\u00e3o poucos os eventos de precipita\u00e7\u00e3o no resto do m\u00eas. A previs\u00e3o \u00e9 de chuvas abaixo da m\u00e9dia hist\u00f3rica (que j\u00e1 \u00e9 a mais baixa do ano). J\u00e1 as temperaturas devem ficar dentro da m\u00e9dia, com noites e madrugadas geladas, e tardes com temperatura agrad\u00e1vel.<\/p>\n\n\n\n<p>Historicamente, com rela\u00e7\u00e3o \u00e0s temperaturas m\u00e9dias, em agosto as cidades mais frias ficam no Sul, Campos Gerais e Regi\u00e3o Metropolitana de Curitiba, onde os term\u00f4metros marcam valores abaixo de 14\u00b0C. Pr\u00f3ximo a Tel\u00eamaco Borba e Ponta Grossa a temperatura m\u00e9dia em agosto \u00e9 um pouco mais alta: fica entre 14\u00b0C e 16\u00b0C.&nbsp;<\/p>\n\n\n\n<p>Na faixa litor\u00e2nea, pr\u00f3ximo a C\u00e2ndido de Abreu e na regi\u00e3o Oeste, as temperaturas v\u00e3o de 16\u00b0C a 18\u00b0C historicamente em agosto. No Sudoeste e nas cidades ao redor de Umuarama, Maring\u00e1 e Londrina, as temperaturas sobem um pouco mais: chegam a 20\u00b0C. A regi\u00e3o mais quente do Paran\u00e1 em agosto \u00e9 o Noroeste, que registra temperaturas m\u00e9dias entre 20\u00b0C e 22\u00b0C no m\u00eas.&nbsp;<\/p>\n\n\n\n<p>Em 2025 o inverno continuar\u00e1 tipicamente frio: as temperaturas ficar\u00e3o muito pr\u00f3ximas \u00e0 m\u00e9dia. \u201c\u00c9 um m\u00eas que come\u00e7a a ter oscila\u00e7\u00f5es maiores nas temperaturas. A previs\u00e3o \u00e9 de noites geladas e tardes apraz\u00edveis, ou seja, maior amplitude t\u00e9rmica\u201d, explica Reinaldo Kneib, meteorologista do Simepar.&nbsp;<\/p>\n\n\n\n<p>No Centro-Sul, Campos Gerais e na regi\u00e3o Leste permanece a condi\u00e7\u00e3o para forma\u00e7\u00e3o de nevoeiros entre o per\u00edodo noturno e a manh\u00e3 ao longo do m\u00eas.<\/p>\n\n\n\n<p><strong>CHUVA&nbsp;<\/strong>\u2013 Agosto \u00e9 o m\u00eas em que menos chove, historicamente, no Paran\u00e1. Em julho de 2025, poucos epis\u00f3dios de chuva foram suficientes para que as cidades atingissem o volume previsto para todo o m\u00eas. J\u00e1 em agosto de 2025 devem ocorrer mais epis\u00f3dios, por\u00e9m com menor volume de chuva.&nbsp;<\/p>\n\n\n\n<p>A primeira quinzena ser\u00e1 de tempo seco intercalada com a passagem dessas frentes frias com baixos acumulados de chuva. A primeira delas j\u00e1 est\u00e1 prevista para a esta segunda-feira (04). \u201cO final do m\u00eas tem previs\u00e3o de chuva mais organizada, mas ainda assim o volume total de chuvas do m\u00eas dever\u00e1 ficar abaixo da m\u00e9dia hist\u00f3rica, que j\u00e1 \u00e9 baixa\u201d, diz Kneib.<\/p>\n\n\n\n<p>As cidades na divisa com S\u00e3o Paulo historicamente s\u00e3o as mais secas: l\u00e1 as m\u00e9dias de chuva s\u00e3o abaixo de 50 mm. Na faixa que vai do Noroeste, passando por Maring\u00e1 e descendo at\u00e9 Tel\u00eamaco Borba, C\u00e2ndido de Abreu e Regi\u00e3o Metropolitana de Curitiba, incluindo a regi\u00e3o de Guaraque\u00e7aba, no Litoral, o volume de chuva em todo o m\u00eas historicamente fica entre 50 mm e 75 mm.&nbsp;<\/p>\n\n\n\n<p>No resto do Litoral paranaense e em uma faixa que passa pela regi\u00e3o Sul, Ponta Grossa, e termina no Oeste, o volume acumulado de chuva em agosto historicamente fica entre 75 mm e 100 mm. Em Foz do Igua\u00e7u, Cascavel, Guarapuava, e em todo o Sudoeste, chove mais: o volume m\u00e9dio \u00e9 de 125 mm.<\/p>\n\n\n\n<p>AEN\/PR<\/p>\n","protected":false},"excerpt":{"rendered":"<p>O m\u00eas de agosto de 2025 come\u00e7a com a passagem de uma frente fria, que deve trazer chuva fraca ao Paran\u00e1. Entretanto, de acordo com o Sistema de Tecnologia e Monitoramento Ambiental do Paran\u00e1 (Simepar), ser\u00e3o poucos os eventos de precipita\u00e7\u00e3o no resto do m\u00eas. A previs\u00e3o \u00e9 de chuvas abaixo da m\u00e9dia hist\u00f3rica (que [&hellip;]<\/p>\n","protected":false},"author":2,"featured_media":71254,"comment_status":"open","ping_status":"open","sticky":false,"template":"","format":"standard","meta":{"advanced_seo_description":"","jetpack_seo_html_title":"","jetpack_seo_noindex":false,"_jetpack_memberships_contains_paid_content":false,"footnotes":""},"categories":[84],"tags":[],"class_list":{"0":"post-71253","1":"post","2":"type-post","3":"status-publish","4":"format-standard","5":"has-post-thumbnail","7":"category-clima"},"jetpack_featured_media_url":"https:\/\/www.paranapraia.com.br\/wp-content\/uploads\/2025\/07\/gabriel_rosa_4-scaled.jpg","jetpack_sharing_enabled":true,"_links":{"self":[{"href":"https:\/\/www.paranapraia.com.br\/index.php\/wp-json\/wp\/v2\/posts\/71253"}],"collection":[{"href":"https:\/\/www.paranapraia.com.br\/index.php\/wp-json\/wp\/v2\/posts"}],"about":[{"href":"https:\/\/www.paranapraia.com.br\/index.php\/wp-json\/wp\/v2\/types\/post"}],"author":[{"embeddable":true,"href":"https:\/\/www.paranapraia.com.br\/index.php\/wp-json\/wp\/v2\/users\/2"}],"replies":[{"embeddable":true,"href":"https:\/\/www.paranapraia.com.br\/index.php\/wp-json\/wp\/v2\/comments?post=71253"}],"version-history":[{"count":1,"href":"https:\/\/www.paranapraia.com.br\/index.php\/wp-json\/wp\/v2\/posts\/71253\/revisions"}],"predecessor-version":[{"id":71255,"href":"https:\/\/www.paranapraia.com.br\/index.php\/wp-json\/wp\/v2\/posts\/71253\/revisions\/71255"}],"wp:featuredmedia":[{"embeddable":true,"href":"https:\/\/www.paranapraia.com.br\/index.php\/wp-json\/wp\/v2\/media\/71254"}],"wp:attachment":[{"href":"https:\/\/www.paranapraia.com.br\/index.php\/wp-json\/wp\/v2\/media?parent=71253"}],"wp:term":[{"taxonomy":"category","embeddable":true,"href":"https:\/\/www.paranapraia.com.br\/index.php\/wp-json\/wp\/v2\/categories?post=71253"},{"taxonomy":"post_tag","embeddable":true,"href":"https:\/\/www.paranapraia.com.br\/index.php\/wp-json\/wp\/v2\/tags?post=71253"}],"curies":[{"name":"wp","href":"https:\/\/api.w.org\/{rel}","templated":true}]}}