{"id":71250,"date":"2025-07-31T15:39:49","date_gmt":"2025-07-31T18:39:49","guid":{"rendered":"https:\/\/www.paranapraia.com.br\/?p=71250"},"modified":"2025-07-31T15:39:51","modified_gmt":"2025-07-31T18:39:51","slug":"cerimonia-de-formatura-do-curso-de-libras-sera-realizada-nesta-quinta-feira-31-em-paranagua","status":"publish","type":"post","link":"https:\/\/www.paranapraia.com.br\/index.php\/2025\/07\/31\/cerimonia-de-formatura-do-curso-de-libras-sera-realizada-nesta-quinta-feira-31-em-paranagua\/","title":{"rendered":"Cerim\u00f4nia de formatura do curso de Libras ser\u00e1 realizada nesta quinta-feira (31), em Paranagu\u00e1"},"content":{"rendered":"\n<p>A Secretaria Municipal de Inclus\u00e3o (Semi) de Paranagu\u00e1 promove, nesta quinta-feira (31), a cerim\u00f4nia de formatura de mais uma turma do curso de Libras (L\u00edngua Brasileira de Sinais), \u00e0s 19h, no audit\u00f3rio do Instituto Superior do Litoral do Paran\u00e1 (Isulpar). A comunidade est\u00e1 convidada a participar do evento, que celebra um novo ciclo de forma\u00e7\u00e3o voltado \u00e0 acessibilidade e \u00e0 inclus\u00e3o social.<\/p>\n\n\n\n<p>O curso tem como foco o ensino da Libras, principal forma de comunica\u00e7\u00e3o com a comunidade surda no Brasil, e integra as a\u00e7\u00f5es do Munic\u00edpio para fortalecer a constru\u00e7\u00e3o de uma cidade mais inclusiva. A formatura marca n\u00e3o apenas o encerramento das atividades formativas, mas tamb\u00e9m refor\u00e7a o compromisso de Paranagu\u00e1 com pol\u00edticas p\u00fablicas voltadas \u00e0 equidade e ao respeito \u00e0s diferen\u00e7as.<\/p>\n\n\n\n<p><strong>Servi\u00e7o:<\/strong><\/p>\n\n\n\n<p>Data: Quinta-feira, 31 de julho<br>Hor\u00e1rio: 19h<br>Local: Audit\u00f3rio do Isulpar<\/p>\n\n\n\n<p>Prefeitura de Paranagu\u00e1<\/p>\n","protected":false},"excerpt":{"rendered":"<p>A Secretaria Municipal de Inclus\u00e3o (Semi) de Paranagu\u00e1 promove, nesta quinta-feira (31), a cerim\u00f4nia de formatura de mais uma turma do curso de Libras (L\u00edngua Brasileira de Sinais), \u00e0s 19h, no audit\u00f3rio do Instituto Superior do Litoral do Paran\u00e1 (Isulpar). A comunidade est\u00e1 convidada a participar do evento, que celebra um novo ciclo de forma\u00e7\u00e3o [&hellip;]<\/p>\n","protected":false},"author":2,"featured_media":71251,"comment_status":"open","ping_status":"open","sticky":false,"template":"","format":"standard","meta":{"advanced_seo_description":"","jetpack_seo_html_title":"","jetpack_seo_noindex":false,"_jetpack_memberships_contains_paid_content":false,"footnotes":""},"categories":[77],"tags":[],"class_list":{"0":"post-71250","1":"post","2":"type-post","3":"status-publish","4":"format-standard","5":"has-post-thumbnail","7":"category-paranagua"},"jetpack_featured_media_url":"https:\/\/www.paranapraia.com.br\/wp-content\/uploads\/2025\/07\/17583.jpg","jetpack_sharing_enabled":true,"_links":{"self":[{"href":"https:\/\/www.paranapraia.com.br\/index.php\/wp-json\/wp\/v2\/posts\/71250"}],"collection":[{"href":"https:\/\/www.paranapraia.com.br\/index.php\/wp-json\/wp\/v2\/posts"}],"about":[{"href":"https:\/\/www.paranapraia.com.br\/index.php\/wp-json\/wp\/v2\/types\/post"}],"author":[{"embeddable":true,"href":"https:\/\/www.paranapraia.com.br\/index.php\/wp-json\/wp\/v2\/users\/2"}],"replies":[{"embeddable":true,"href":"https:\/\/www.paranapraia.com.br\/index.php\/wp-json\/wp\/v2\/comments?post=71250"}],"version-history":[{"count":1,"href":"https:\/\/www.paranapraia.com.br\/index.php\/wp-json\/wp\/v2\/posts\/71250\/revisions"}],"predecessor-version":[{"id":71252,"href":"https:\/\/www.paranapraia.com.br\/index.php\/wp-json\/wp\/v2\/posts\/71250\/revisions\/71252"}],"wp:featuredmedia":[{"embeddable":true,"href":"https:\/\/www.paranapraia.com.br\/index.php\/wp-json\/wp\/v2\/media\/71251"}],"wp:attachment":[{"href":"https:\/\/www.paranapraia.com.br\/index.php\/wp-json\/wp\/v2\/media?parent=71250"}],"wp:term":[{"taxonomy":"category","embeddable":true,"href":"https:\/\/www.paranapraia.com.br\/index.php\/wp-json\/wp\/v2\/categories?post=71250"},{"taxonomy":"post_tag","embeddable":true,"href":"https:\/\/www.paranapraia.com.br\/index.php\/wp-json\/wp\/v2\/tags?post=71250"}],"curies":[{"name":"wp","href":"https:\/\/api.w.org\/{rel}","templated":true}]}}