{"id":7124,"date":"2019-04-18T12:56:05","date_gmt":"2019-04-18T15:56:05","guid":{"rendered":"https:\/\/www.paranapraia.com.br\/?p=7124"},"modified":"2019-04-18T12:56:06","modified_gmt":"2019-04-18T15:56:06","slug":"conselho-tutelar-de-guaratuba-recebe-novo-veiculo","status":"publish","type":"post","link":"https:\/\/www.paranapraia.com.br\/index.php\/2019\/04\/18\/conselho-tutelar-de-guaratuba-recebe-novo-veiculo\/","title":{"rendered":"Conselho Tutelar de Guaratuba recebe novo ve\u00edculo"},"content":{"rendered":"\n<p>O prefeito Roberto Justus, a secret\u00e1ria do Bem Estar e Promo\u00e7\u00e3o Social, Lourdes Monteiro, acompanharam a entrega do novo ve\u00edculo para o Conselho Tutelar de Guaratuba, representado pela presidente Tatiane Silva e demais conselheiros.<\/p>\n\n\n\n<p>O ve\u00edculo foi destinado ao Munic\u00edpio por emenda do deputado federal Osmar Bertoldi ao Or\u00e7amento da Uni\u00e3o.<\/p>\n\n\n\n<p>Assessoria<\/p>\n","protected":false},"excerpt":{"rendered":"<p>O prefeito Roberto Justus, a secret\u00e1ria do Bem Estar e Promo\u00e7\u00e3o Social, Lourdes Monteiro, acompanharam a entrega do novo ve\u00edculo para o Conselho Tutelar de Guaratuba, representado pela presidente Tatiane Silva e demais conselheiros. O ve\u00edculo foi destinado ao Munic\u00edpio por emenda do deputado federal Osmar Bertoldi ao Or\u00e7amento da Uni\u00e3o. Assessoria<\/p>\n","protected":false},"author":2,"featured_media":7125,"comment_status":"open","ping_status":"open","sticky":false,"template":"","format":"standard","meta":{"advanced_seo_description":"","jetpack_seo_html_title":"","jetpack_seo_noindex":false,"_jetpack_memberships_contains_paid_content":false,"footnotes":""},"categories":[42],"tags":[],"class_list":{"0":"post-7124","1":"post","2":"type-post","3":"status-publish","4":"format-standard","5":"has-post-thumbnail","7":"category-cidades"},"jetpack_featured_media_url":"https:\/\/www.paranapraia.com.br\/wp-content\/uploads\/2019\/04\/cons.jpg","jetpack_sharing_enabled":true,"_links":{"self":[{"href":"https:\/\/www.paranapraia.com.br\/index.php\/wp-json\/wp\/v2\/posts\/7124"}],"collection":[{"href":"https:\/\/www.paranapraia.com.br\/index.php\/wp-json\/wp\/v2\/posts"}],"about":[{"href":"https:\/\/www.paranapraia.com.br\/index.php\/wp-json\/wp\/v2\/types\/post"}],"author":[{"embeddable":true,"href":"https:\/\/www.paranapraia.com.br\/index.php\/wp-json\/wp\/v2\/users\/2"}],"replies":[{"embeddable":true,"href":"https:\/\/www.paranapraia.com.br\/index.php\/wp-json\/wp\/v2\/comments?post=7124"}],"version-history":[{"count":1,"href":"https:\/\/www.paranapraia.com.br\/index.php\/wp-json\/wp\/v2\/posts\/7124\/revisions"}],"predecessor-version":[{"id":7126,"href":"https:\/\/www.paranapraia.com.br\/index.php\/wp-json\/wp\/v2\/posts\/7124\/revisions\/7126"}],"wp:featuredmedia":[{"embeddable":true,"href":"https:\/\/www.paranapraia.com.br\/index.php\/wp-json\/wp\/v2\/media\/7125"}],"wp:attachment":[{"href":"https:\/\/www.paranapraia.com.br\/index.php\/wp-json\/wp\/v2\/media?parent=7124"}],"wp:term":[{"taxonomy":"category","embeddable":true,"href":"https:\/\/www.paranapraia.com.br\/index.php\/wp-json\/wp\/v2\/categories?post=7124"},{"taxonomy":"post_tag","embeddable":true,"href":"https:\/\/www.paranapraia.com.br\/index.php\/wp-json\/wp\/v2\/tags?post=7124"}],"curies":[{"name":"wp","href":"https:\/\/api.w.org\/{rel}","templated":true}]}}