{"id":7116,"date":"2019-04-18T10:39:00","date_gmt":"2019-04-18T13:39:00","guid":{"rendered":"https:\/\/www.paranapraia.com.br\/?p=7116"},"modified":"2019-04-18T10:39:03","modified_gmt":"2019-04-18T13:39:03","slug":"ressaca-atinge-guaratuba-e-deixa-estragos","status":"publish","type":"post","link":"https:\/\/www.paranapraia.com.br\/index.php\/2019\/04\/18\/ressaca-atinge-guaratuba-e-deixa-estragos\/","title":{"rendered":"Ressaca atinge Guaratuba e deixa estragos"},"content":{"rendered":"\n<p>A ressaca que atingiu o Litoral do Paran\u00e1 nesta quarta\u00a0(17) trouxe ondas de at\u00e9 tr\u00eas metros e atingiu dois pontos do munic\u00edpio de Guaratuba: Caieiras e a Praia Central. A \u00e1gua atingiu alguns estabelecimentos. Os estragos foram maiores\u00a0nos locais que apresentam eros\u00e3o praia e a falta de cobertura vegetal apropriada \u2014 esse tipo de vegeta\u00e7\u00e3o tem como umas de suas fun\u00e7\u00f5es fixar areia e proteger o litoral das intrus\u00f5es marinhas. A Prefeitura ainda far\u00e1 balan\u00e7o dos preju\u00edzos.<\/p>\n\n\n\n<figure class=\"wp-block-image\"><img loading=\"lazy\" decoding=\"async\" width=\"920\" height=\"455\" src=\"https:\/\/www.paranapraia.com.br\/wp-content\/uploads\/2019\/04\/res2.jpg\" alt=\"\" class=\"wp-image-7118\" srcset=\"https:\/\/www.paranapraia.com.br\/wp-content\/uploads\/2019\/04\/res2.jpg 920w, https:\/\/www.paranapraia.com.br\/wp-content\/uploads\/2019\/04\/res2-300x148.jpg 300w, https:\/\/www.paranapraia.com.br\/wp-content\/uploads\/2019\/04\/res2-768x380.jpg 768w, https:\/\/www.paranapraia.com.br\/wp-content\/uploads\/2019\/04\/res2-324x160.jpg 324w, https:\/\/www.paranapraia.com.br\/wp-content\/uploads\/2019\/04\/res2-696x344.jpg 696w, https:\/\/www.paranapraia.com.br\/wp-content\/uploads\/2019\/04\/res2-849x420.jpg 849w\" sizes=\"(max-width: 920px) 100vw, 920px\" \/><\/figure>\n\n\n\n<p>A Marinha do Brasil, por meio do Centro de Hidrografia da Marinha (CHM), alertou que a&nbsp;forma\u00e7\u00e3o de um sistema de baixa press\u00e3o sobre o litoral da regi\u00e3o Sul qiue pode provocar ventos intensos, no litoral entre o norte do estado de Santa Catarina e o sul do estado de S\u00e3o Paulo entre&nbsp; a madrugada de ter\u00e7a (16) e esta quinta (18).<\/p>\n\n\n\n<p>A Marinha do Brasil mant\u00e9m todos os avisos de mau tempo em vigor no endere\u00e7o eletr\u00f4nico\u00a0<a href=\"https:\/\/www.marinha.mil.br\/chm\/dados-do-smm-avisos-de-mau-tempo\/avisos-de-mau-tempo\">https:\/\/www.marinha.mil.br\/chm\/dados-do-smm-avisos-de-mau-tempo\/avisos-de-mau-tempo<\/a>.\u00a0<\/p>\n\n\n\n<p>Bem Paran\u00e1<\/p>\n","protected":false},"excerpt":{"rendered":"<p>A ressaca que atingiu o Litoral do Paran\u00e1 nesta quarta\u00a0(17) trouxe ondas de at\u00e9 tr\u00eas metros e atingiu dois pontos do munic\u00edpio de Guaratuba: Caieiras e a Praia Central. A \u00e1gua atingiu alguns estabelecimentos. Os estragos foram maiores\u00a0nos locais que apresentam eros\u00e3o praia e a falta de cobertura vegetal apropriada \u2014 esse tipo de vegeta\u00e7\u00e3o [&hellip;]<\/p>\n","protected":false},"author":2,"featured_media":7117,"comment_status":"open","ping_status":"open","sticky":false,"template":"","format":"standard","meta":{"advanced_seo_description":"","jetpack_seo_html_title":"","jetpack_seo_noindex":false,"_jetpack_memberships_contains_paid_content":false,"footnotes":""},"categories":[42],"tags":[],"class_list":{"0":"post-7116","1":"post","2":"type-post","3":"status-publish","4":"format-standard","5":"has-post-thumbnail","7":"category-cidades"},"jetpack_featured_media_url":"https:\/\/www.paranapraia.com.br\/wp-content\/uploads\/2019\/04\/res3.jpg","jetpack_sharing_enabled":true,"_links":{"self":[{"href":"https:\/\/www.paranapraia.com.br\/index.php\/wp-json\/wp\/v2\/posts\/7116"}],"collection":[{"href":"https:\/\/www.paranapraia.com.br\/index.php\/wp-json\/wp\/v2\/posts"}],"about":[{"href":"https:\/\/www.paranapraia.com.br\/index.php\/wp-json\/wp\/v2\/types\/post"}],"author":[{"embeddable":true,"href":"https:\/\/www.paranapraia.com.br\/index.php\/wp-json\/wp\/v2\/users\/2"}],"replies":[{"embeddable":true,"href":"https:\/\/www.paranapraia.com.br\/index.php\/wp-json\/wp\/v2\/comments?post=7116"}],"version-history":[{"count":1,"href":"https:\/\/www.paranapraia.com.br\/index.php\/wp-json\/wp\/v2\/posts\/7116\/revisions"}],"predecessor-version":[{"id":7119,"href":"https:\/\/www.paranapraia.com.br\/index.php\/wp-json\/wp\/v2\/posts\/7116\/revisions\/7119"}],"wp:featuredmedia":[{"embeddable":true,"href":"https:\/\/www.paranapraia.com.br\/index.php\/wp-json\/wp\/v2\/media\/7117"}],"wp:attachment":[{"href":"https:\/\/www.paranapraia.com.br\/index.php\/wp-json\/wp\/v2\/media?parent=7116"}],"wp:term":[{"taxonomy":"category","embeddable":true,"href":"https:\/\/www.paranapraia.com.br\/index.php\/wp-json\/wp\/v2\/categories?post=7116"},{"taxonomy":"post_tag","embeddable":true,"href":"https:\/\/www.paranapraia.com.br\/index.php\/wp-json\/wp\/v2\/tags?post=7116"}],"curies":[{"name":"wp","href":"https:\/\/api.w.org\/{rel}","templated":true}]}}