{"id":71125,"date":"2025-07-29T09:57:35","date_gmt":"2025-07-29T12:57:35","guid":{"rendered":"https:\/\/www.paranapraia.com.br\/?p=71125"},"modified":"2025-07-29T09:57:37","modified_gmt":"2025-07-29T12:57:37","slug":"encantadas-jazz-vai-atrair-milhares-de-turistas-a-ilha-do-mel-em-agosto-veja-a-programacao","status":"publish","type":"post","link":"https:\/\/www.paranapraia.com.br\/index.php\/2025\/07\/29\/encantadas-jazz-vai-atrair-milhares-de-turistas-a-ilha-do-mel-em-agosto-veja-a-programacao\/","title":{"rendered":"Encantadas Jazz vai atrair milhares de turistas \u00e0 Ilha do Mel em agosto; veja a programa\u00e7\u00e3o"},"content":{"rendered":"\n<p>Turistas brasileiros e estrangeiros que visitam o Paran\u00e1 no m\u00eas de agosto podem participar de uma experi\u00eancia \u00fanica em meio a um dos mais importantes cart\u00f5es-postais do Estado. A Ilha do Mel, no territ\u00f3rio de Paranagu\u00e1 (Litoral), recebe mais uma edi\u00e7\u00e3o do\u00a0Festival Encantadas Jazz, que ter\u00e1 40 espet\u00e1culos musicais abertos ao p\u00fablico, distribu\u00eddos em todos os finais de semana do m\u00eas, al\u00e9m de atividades, oficinas e gastronomia. A programa\u00e7\u00e3o oficial foi divulgada nesta segunda-feira (28).\u00a0<\/p>\n\n\n\n<p>Com apoio do Governo do Estado, por meio da Secretaria do Turismo (Setu-PR), e do Viaje Paran\u00e1, \u00f3rg\u00e3o de promo\u00e7\u00e3o do setor, o festival \u00e9 uma exalta\u00e7\u00e3o do g\u00eanero musical que surgiu em Nova Orleans, nos Estados Unidos, no final do s\u00e9culo XIX. Com um lista completa de artistas locais, nacionais e internacionais, a previs\u00e3o \u00e9 que mais de 200 m\u00fasicos fa\u00e7am a travessia de barco at\u00e9 a ilha para embalar os shows.<\/p>\n\n\n\n<p>A presen\u00e7a de grupos de Jazz oriundos da Argentina e do Paraguai tamb\u00e9m refor\u00e7a o fluxo de visitantes, uma vez que os dois pa\u00edses s\u00e3o os que mais enviaram turistas estrangeiros ao Paran\u00e1 neste ano \u2013 quase 500 mil paraguaios e argentinos visitaram o Estado, entre janeiro e junho.<\/p>\n\n\n\n<p>Em sua \u00faltima edi\u00e7\u00e3o, no ano passado, mais de 40 mil pessoas marcaram presen\u00e7a no evento, que bateu recorde de p\u00fablico e registrou um crescimento de 14% com rela\u00e7\u00e3o \u00e0 edi\u00e7\u00e3o de 2023 \u2013 quando passou a ter novo nome e roupagem. Segundo os organizadores, a expectativa para este ano \u00e9 seguir como tend\u00eancia entre estrangeiros.<\/p>\n\n\n\n<p>\u201cEntendemos que o evento \u00e9 relevante, porque vai impactar todo o Litoral paranaense. Assim como o turismo significa um momento de lazer e descontra\u00e7\u00e3o aos viajantes, para n\u00f3s ele tamb\u00e9m representa a gera\u00e7\u00e3o de emprego, renda, conscientiza\u00e7\u00e3o sobre o meio ambiente e a manuten\u00e7\u00e3o dos neg\u00f3cios ao empres\u00e1rio, mesmo na baixa temporada\u201d, afirma Leonaldo Paranhos, secret\u00e1rio estadual do Turismo.<\/p>\n\n\n\n<p>\u201cQuase n\u00e3o h\u00e1 locais no Brasil em que viajantes podem participar de um festival t\u00e3o grande em meio a um lugar ecol\u00f3gico e paradis\u00edaco. A exclusividade do evento na Ilha do Mel cria um produto significativo para o mercado do turismo, muito por conta da atra\u00e7\u00e3o de p\u00fablico estrangeiro, que sempre se faz presente. \u00c9 uma experi\u00eancia no Estado que os turistas v\u00e3o levar para casa\u201d, disse Irapuan Cortes, diretor presidente do Viaje Paran\u00e1.<\/p>\n\n\n\n<p>Guilherme Furtado, um dos organizadores do Encantadas Jazz, afirma que caravanas internacionais j\u00e1 est\u00e3o programadas. \u201cTeremos artistas paraguaios, argentinos e cubanos, que representam dois dos maiores pa\u00edses emissores de turistas internacionais ao Estado. A vinda desses m\u00fasicos estrangeiros impacta na recep\u00e7\u00e3o de p\u00fablico, porque eles ajudam a divulgar e atrair turistas de seus pa\u00edses de origem. Inclusive, j\u00e1 est\u00e3o confirmadas caravanas de viajantes vindos do Paraguai e Argentina para acompanhar o Festival\u201d, disse.<\/p>\n\n\n\n<p><strong>RETORNO AO EMPREENDEDOR<\/strong>&nbsp;\u2013&nbsp;O empresariado tur\u00edstico da Ilha do Mel est\u00e1 empolgado para mais uma realiza\u00e7\u00e3o do evento, por conta do resultado positivo que ele proporciona aos neg\u00f3cios. Mesmo fora da temporada de ver\u00e3o, a programa\u00e7\u00e3o acarreta em picos de ocupa\u00e7\u00e3o nas pousadas locais e forte movimento nos restaurantes, segundo os organizadores.<\/p>\n\n\n\n<p>O movimento toma conta das comunidades de Encantadas e de Nova Bras\u00edlia, onde se concentra a maior parte dos moradores e da estrutura tur\u00edstica. Os \u00edndices de ocupa\u00e7\u00e3o de leitos nas pousadas em agosto se equiparam aos da alta temporada no ver\u00e3o, alcan\u00e7ando a casa dos 90% nos fins de semana.<\/p>\n\n\n\n<p>\u201cEventos como esse nos ajudam a manter o fluxo de turistas na ilha durante todo o ano, gerando empregos e renda \u00e0 popula\u00e7\u00e3o. \u00c9 um m\u00eas que temos grande p\u00fablico, pagando di\u00e1rias de alta temporada, em meio ao inverno, um presente que o Festival e o turismo proporcionam para a comunidade e para os trabalhadores\u201d, completou Guilherme Furtado, que tamb\u00e9m \u00e9 empres\u00e1rio local e presidente do Instituto Ilha do Mel de Turismo e Eventos.<\/p>\n\n\n\n<p><strong>TRADI\u00c7\u00c3O&nbsp;<\/strong>\u2013&nbsp;A tradi\u00e7\u00e3o dos festivais na Ilha do Mel come\u00e7ou em Nova Bras\u00edlia em 2014 e se estendeu em 2016 para a praia de Encantadas. De l\u00e1 para c\u00e1, assumiu diversos formatos de produ\u00e7\u00e3o e hoje \u00e9 composta por tr\u00eas principais eventos: o Encantadas Jazz, na praia de Encantadas; o Jazz \u00c0 Gosto e o Ilha do Mel Jazz Music, na praia de Nova Bras\u00edlia.<\/p>\n\n\n\n<p>Confira a programa\u00e7\u00e3o&nbsp;<strong><a href=\"https:\/\/www.parana.pr.gov.br\/sites\/default\/arquivos_restritos\/files\/documento\/2025-07\/2807festival_encantadas_0.pdf\" target=\"_blank\" rel=\"noreferrer noopener\">clicando AQUI<\/a><\/strong><\/p>\n\n\n\n<p>AEN\/PR<\/p>\n","protected":false},"excerpt":{"rendered":"<p>Turistas brasileiros e estrangeiros que visitam o Paran\u00e1 no m\u00eas de agosto podem participar de uma experi\u00eancia \u00fanica em meio a um dos mais importantes cart\u00f5es-postais do Estado. A Ilha do Mel, no territ\u00f3rio de Paranagu\u00e1 (Litoral), recebe mais uma edi\u00e7\u00e3o do\u00a0Festival Encantadas Jazz, que ter\u00e1 40 espet\u00e1culos musicais abertos ao p\u00fablico, distribu\u00eddos em todos [&hellip;]<\/p>\n","protected":false},"author":2,"featured_media":71126,"comment_status":"open","ping_status":"open","sticky":false,"template":"","format":"standard","meta":{"advanced_seo_description":"","jetpack_seo_html_title":"","jetpack_seo_noindex":false,"_jetpack_memberships_contains_paid_content":false,"footnotes":""},"categories":[76],"tags":[],"class_list":{"0":"post-71125","1":"post","2":"type-post","3":"status-publish","4":"format-standard","5":"has-post-thumbnail","7":"category-ilha-do-mel"},"jetpack_featured_media_url":"https:\/\/www.paranapraia.com.br\/wp-content\/uploads\/2025\/07\/creditos_joao_terra_1-scaled.jpg","jetpack_sharing_enabled":true,"_links":{"self":[{"href":"https:\/\/www.paranapraia.com.br\/index.php\/wp-json\/wp\/v2\/posts\/71125"}],"collection":[{"href":"https:\/\/www.paranapraia.com.br\/index.php\/wp-json\/wp\/v2\/posts"}],"about":[{"href":"https:\/\/www.paranapraia.com.br\/index.php\/wp-json\/wp\/v2\/types\/post"}],"author":[{"embeddable":true,"href":"https:\/\/www.paranapraia.com.br\/index.php\/wp-json\/wp\/v2\/users\/2"}],"replies":[{"embeddable":true,"href":"https:\/\/www.paranapraia.com.br\/index.php\/wp-json\/wp\/v2\/comments?post=71125"}],"version-history":[{"count":1,"href":"https:\/\/www.paranapraia.com.br\/index.php\/wp-json\/wp\/v2\/posts\/71125\/revisions"}],"predecessor-version":[{"id":71127,"href":"https:\/\/www.paranapraia.com.br\/index.php\/wp-json\/wp\/v2\/posts\/71125\/revisions\/71127"}],"wp:featuredmedia":[{"embeddable":true,"href":"https:\/\/www.paranapraia.com.br\/index.php\/wp-json\/wp\/v2\/media\/71126"}],"wp:attachment":[{"href":"https:\/\/www.paranapraia.com.br\/index.php\/wp-json\/wp\/v2\/media?parent=71125"}],"wp:term":[{"taxonomy":"category","embeddable":true,"href":"https:\/\/www.paranapraia.com.br\/index.php\/wp-json\/wp\/v2\/categories?post=71125"},{"taxonomy":"post_tag","embeddable":true,"href":"https:\/\/www.paranapraia.com.br\/index.php\/wp-json\/wp\/v2\/tags?post=71125"}],"curies":[{"name":"wp","href":"https:\/\/api.w.org\/{rel}","templated":true}]}}