{"id":7112,"date":"2019-04-18T10:12:33","date_gmt":"2019-04-18T13:12:33","guid":{"rendered":"https:\/\/www.paranapraia.com.br\/?p=7112"},"modified":"2019-04-18T10:12:34","modified_gmt":"2019-04-18T13:12:34","slug":"feriado-sera-com-tempo-bom-e-ate-sol-em-curitiba","status":"publish","type":"post","link":"https:\/\/www.paranapraia.com.br\/index.php\/2019\/04\/18\/feriado-sera-com-tempo-bom-e-ate-sol-em-curitiba\/","title":{"rendered":"Feriado ser\u00e1 com tempo bom e at\u00e9 sol em Curitiba"},"content":{"rendered":"\n<p>O feriado da Semana Santa em Curitiba vai ser de tempo bom e sol. Essa \u00e9 a previs\u00e3o do tempo para os pr\u00f3ximos dias. Nesta quinta-feira (18), a manh\u00e3 at\u00e9 come\u00e7a neblina, mas ela se dissipa rapidamente e o sol aparece desde cedo. O mesmo deve se repetir nesta sexta-feira (19) e no s\u00e1bado (20). Apenas no domingo (21) \u00e9 previsto uma maior cobertura de nuvens, mas sem possibilidade de chuva.<\/p>\n\n\n\n<p>Todo o Pa\u00eds tem o predom\u00ednio de uma massa de ar seco nesta quinta. Amanh\u00e3, essa massa ganha for\u00e7a e tamb\u00e9m impede a forma\u00e7\u00e3o de nuvens de chuva na Capital. As temperaturas ficam bem t\u00edpicas do outono na parte mais ao Sul do Estado, com varia\u00e7\u00e3o entre m\u00ednima de 9\u00baC na regi\u00e3o Central e 27\u00baC nos Campos Gerais.<\/p>\n\n\n\n<p>Em Curitiba esta manh\u00e3 deve ser mais fria que nos \u00faltimos dias, com m\u00ednima prevista de 12\u00baC. As m\u00e1ximas devem oscilar entre 24 e 25 graus nos pr\u00f3ximos dias. Para sexta e s\u00e1bado, a previs\u00e3o \u00e9 sol com poucas nuvens na Capital. No domingo, o c\u00e9u fica mais encoberto e na segunda o tempo muda.<\/p>\n\n\n\n<p>As temperaturas devem sofrer uma varia\u00e7\u00e3o para baixo. As m\u00e1ximas no come\u00e7o da semana que vem ficam abaixo dos 20\u00baC e no meio da semana a amplitude t\u00e9rmica fica baixa, com m\u00ednima de 12\u00baC e m\u00e1xima de 16\u00baC.<\/p>\n\n\n\n<p>Temporal<br>No fim de semana, uma frente fria come\u00e7a a se formar no Sul do Pa\u00eds e evolui para o Paran\u00e1, onde deve chegar no fim da tarde pelo interior. A instabilidade fica mais forte na semana que vem, com chuvas previstas at\u00e9 a ter\u00e7a-feira no Estado. H\u00e1 chance de chvua forte e localizada em alguns pontos.<br>No resto da semana o tempo fica mais est\u00e1vel, contudo com muitas nuvens em todas as regi\u00f5es paranaenses.<\/p>\n\n\n\n<p>Bem Paran\u00e1<\/p>\n","protected":false},"excerpt":{"rendered":"<p>O feriado da Semana Santa em Curitiba vai ser de tempo bom e sol. Essa \u00e9 a previs\u00e3o do tempo para os pr\u00f3ximos dias. Nesta quinta-feira (18), a manh\u00e3 at\u00e9 come\u00e7a neblina, mas ela se dissipa rapidamente e o sol aparece desde cedo. O mesmo deve se repetir nesta sexta-feira (19) e no s\u00e1bado (20). [&hellip;]<\/p>\n","protected":false},"author":2,"featured_media":7113,"comment_status":"open","ping_status":"open","sticky":false,"template":"","format":"standard","meta":{"advanced_seo_description":"","jetpack_seo_html_title":"","jetpack_seo_noindex":false,"_jetpack_memberships_contains_paid_content":false,"footnotes":""},"categories":[42],"tags":[],"class_list":{"0":"post-7112","1":"post","2":"type-post","3":"status-publish","4":"format-standard","5":"has-post-thumbnail","7":"category-cidades"},"jetpack_featured_media_url":"https:\/\/www.paranapraia.com.br\/wp-content\/uploads\/2019\/04\/sol-1.jpg","jetpack_sharing_enabled":true,"_links":{"self":[{"href":"https:\/\/www.paranapraia.com.br\/index.php\/wp-json\/wp\/v2\/posts\/7112"}],"collection":[{"href":"https:\/\/www.paranapraia.com.br\/index.php\/wp-json\/wp\/v2\/posts"}],"about":[{"href":"https:\/\/www.paranapraia.com.br\/index.php\/wp-json\/wp\/v2\/types\/post"}],"author":[{"embeddable":true,"href":"https:\/\/www.paranapraia.com.br\/index.php\/wp-json\/wp\/v2\/users\/2"}],"replies":[{"embeddable":true,"href":"https:\/\/www.paranapraia.com.br\/index.php\/wp-json\/wp\/v2\/comments?post=7112"}],"version-history":[{"count":1,"href":"https:\/\/www.paranapraia.com.br\/index.php\/wp-json\/wp\/v2\/posts\/7112\/revisions"}],"predecessor-version":[{"id":7114,"href":"https:\/\/www.paranapraia.com.br\/index.php\/wp-json\/wp\/v2\/posts\/7112\/revisions\/7114"}],"wp:featuredmedia":[{"embeddable":true,"href":"https:\/\/www.paranapraia.com.br\/index.php\/wp-json\/wp\/v2\/media\/7113"}],"wp:attachment":[{"href":"https:\/\/www.paranapraia.com.br\/index.php\/wp-json\/wp\/v2\/media?parent=7112"}],"wp:term":[{"taxonomy":"category","embeddable":true,"href":"https:\/\/www.paranapraia.com.br\/index.php\/wp-json\/wp\/v2\/categories?post=7112"},{"taxonomy":"post_tag","embeddable":true,"href":"https:\/\/www.paranapraia.com.br\/index.php\/wp-json\/wp\/v2\/tags?post=7112"}],"curies":[{"name":"wp","href":"https:\/\/api.w.org\/{rel}","templated":true}]}}