{"id":71001,"date":"2025-07-25T16:36:31","date_gmt":"2025-07-25T19:36:31","guid":{"rendered":"https:\/\/www.paranapraia.com.br\/?p=71001"},"modified":"2025-07-25T16:36:33","modified_gmt":"2025-07-25T19:36:33","slug":"sanepar-e-a-estatal-mais-inovadora-do-sul-do-brasil-em-premiacao-do-grupo-amanha","status":"publish","type":"post","link":"https:\/\/www.paranapraia.com.br\/index.php\/2025\/07\/25\/sanepar-e-a-estatal-mais-inovadora-do-sul-do-brasil-em-premiacao-do-grupo-amanha\/","title":{"rendered":"Sanepar \u00e9 a estatal mais inovadora do Sul do Brasil em premia\u00e7\u00e3o do Grupo Amanh\u00e3"},"content":{"rendered":"\n<p>A Companhia de Saneamento do Paran\u00e1 (Sanepar) foi reconhecida como a empresa mais inovadora do Sul do Brasil na categoria de estatais e filantr\u00f3picas, recebendo o 1\u00ba lugar no pr\u00eamio Campe\u00e3s da Inova\u00e7\u00e3o 2025, promovido pelo Grupo Amanh\u00e3. A cerim\u00f4nia de premia\u00e7\u00e3o aconteceu nesta quinta-feira (24), no audit\u00f3rio da Hotmilk da Pontif\u00edcia Universidade Cat\u00f3lica do Paran\u00e1 (PUCPR), em Curitiba. O evento reuniu representantes de empresas de destaque na inova\u00e7\u00e3o da regi\u00e3o Sul.<\/p>\n\n\n\n<p>Considerada uma das principais pesquisas sobre inova\u00e7\u00e3o corporativa do Pa\u00eds, a premia\u00e7\u00e3o est\u00e1 em sua 21\u00aa edi\u00e7\u00e3o e adota a metodologia internacional do Global Innovation Management Institute (GIMI), aplicada no Brasil pelo IXL-Center, de Cambridge (EUA). O m\u00e9todo avalia a capacidade das organiza\u00e7\u00f5es em estruturar e implementar processos de inova\u00e7\u00e3o, com base em m\u00e9tricas e padr\u00f5es reconhecidos mundialmente.<\/p>\n\n\n\n<p>Segundo o presidente da Sanepar, Wilson Bley, o reconhecimento mostra que a empresa est\u00e1 alinhada \u00e0s melhores pr\u00e1ticas de gest\u00e3o de inova\u00e7\u00e3o. \u201cSer premiada com o 1\u00ba lugar \u00e9 um indicador de que a Sanepar n\u00e3o apenas presta servi\u00e7os essenciais com excel\u00eancia, mas tamb\u00e9m avan\u00e7a com solu\u00e7\u00f5es inovadoras que seguem padr\u00f5es internacionais. Isso refor\u00e7a nosso compromisso com a universaliza\u00e7\u00e3o do saneamento e com a qualidade no atendimento \u00e0 popula\u00e7\u00e3o\u201d, afirma.<\/p>\n\n\n\n<p>A companhia j\u00e1 havia sido destaque em outras frentes do Grupo Amanh\u00e3 em 2024, ocupando o 8\u00ba lugar entre as 100 maiores empresas do Paran\u00e1 e o 18\u00ba entre as 500 maiores do Sul. Neste ano, pr\u00e1ticas inovadoras em diversas \u00e1reas contribu\u00edram para a conquista, como o fortalecimento do ecossistema de inova\u00e7\u00e3o e a ado\u00e7\u00e3o de solu\u00e7\u00f5es tecnol\u00f3gicas em gest\u00e3o ambiental.<\/p>\n\n\n\n<p>Para o diretor de Inova\u00e7\u00e3o e Novos Neg\u00f3cios da Sanepar, Anatalicio Risden Junior, o pr\u00eamio valoriza o esfor\u00e7o coletivo em torno de uma agenda de transforma\u00e7\u00e3o. \u201cEstamos construindo uma cultura de inova\u00e7\u00e3o robusta, que envolve desde parcerias com startups at\u00e9 a convers\u00e3o de res\u00edduos em energia renov\u00e1vel. Ser reconhecido dessa forma nos d\u00e1 ainda mais motiva\u00e7\u00e3o para seguir promovendo valor p\u00fablico com inovabilidade\u201d, ressalta.<\/p>\n\n\n\n<p>Na solenidade, a empresa foi representada pelo especialista em Inova\u00e7\u00e3o e Novos Neg\u00f3cios, Charles Carneiro, que destacou a import\u00e2ncia da estrutura institucional para impulsionar resultados. \u201cEsse reconhecimento \u00e9 fruto de um trabalho consistente, especialmente ap\u00f3s a cria\u00e7\u00e3o da diretoria de Inova\u00e7\u00e3o e Novos Neg\u00f3cios, que vem guiando a empresa rumo a novas estrat\u00e9gias e solu\u00e7\u00f5es para que o Paran\u00e1 atinja o marco do saneamento antes de 2033\u201d, afirmou.<\/p>\n\n\n\n<p>AEN\/PR<\/p>\n","protected":false},"excerpt":{"rendered":"<p>A Companhia de Saneamento do Paran\u00e1 (Sanepar) foi reconhecida como a empresa mais inovadora do Sul do Brasil na categoria de estatais e filantr\u00f3picas, recebendo o 1\u00ba lugar no pr\u00eamio Campe\u00e3s da Inova\u00e7\u00e3o 2025, promovido pelo Grupo Amanh\u00e3. A cerim\u00f4nia de premia\u00e7\u00e3o aconteceu nesta quinta-feira (24), no audit\u00f3rio da Hotmilk da Pontif\u00edcia Universidade Cat\u00f3lica do [&hellip;]<\/p>\n","protected":false},"author":2,"featured_media":71002,"comment_status":"open","ping_status":"open","sticky":false,"template":"","format":"standard","meta":{"advanced_seo_description":"","jetpack_seo_html_title":"","jetpack_seo_noindex":false,"_jetpack_memberships_contains_paid_content":false,"footnotes":""},"categories":[40],"tags":[],"class_list":{"0":"post-71001","1":"post","2":"type-post","3":"status-publish","4":"format-standard","5":"has-post-thumbnail","7":"category-destaques"},"jetpack_featured_media_url":"https:\/\/www.paranapraia.com.br\/wp-content\/uploads\/2025\/07\/premio_sanepar.jpg","jetpack_sharing_enabled":true,"_links":{"self":[{"href":"https:\/\/www.paranapraia.com.br\/index.php\/wp-json\/wp\/v2\/posts\/71001"}],"collection":[{"href":"https:\/\/www.paranapraia.com.br\/index.php\/wp-json\/wp\/v2\/posts"}],"about":[{"href":"https:\/\/www.paranapraia.com.br\/index.php\/wp-json\/wp\/v2\/types\/post"}],"author":[{"embeddable":true,"href":"https:\/\/www.paranapraia.com.br\/index.php\/wp-json\/wp\/v2\/users\/2"}],"replies":[{"embeddable":true,"href":"https:\/\/www.paranapraia.com.br\/index.php\/wp-json\/wp\/v2\/comments?post=71001"}],"version-history":[{"count":1,"href":"https:\/\/www.paranapraia.com.br\/index.php\/wp-json\/wp\/v2\/posts\/71001\/revisions"}],"predecessor-version":[{"id":71003,"href":"https:\/\/www.paranapraia.com.br\/index.php\/wp-json\/wp\/v2\/posts\/71001\/revisions\/71003"}],"wp:featuredmedia":[{"embeddable":true,"href":"https:\/\/www.paranapraia.com.br\/index.php\/wp-json\/wp\/v2\/media\/71002"}],"wp:attachment":[{"href":"https:\/\/www.paranapraia.com.br\/index.php\/wp-json\/wp\/v2\/media?parent=71001"}],"wp:term":[{"taxonomy":"category","embeddable":true,"href":"https:\/\/www.paranapraia.com.br\/index.php\/wp-json\/wp\/v2\/categories?post=71001"},{"taxonomy":"post_tag","embeddable":true,"href":"https:\/\/www.paranapraia.com.br\/index.php\/wp-json\/wp\/v2\/tags?post=71001"}],"curies":[{"name":"wp","href":"https:\/\/api.w.org\/{rel}","templated":true}]}}